{"id":60783,"date":"2019-09-26T10:44:14","date_gmt":"2019-09-26T13:44:14","guid":{"rendered":"https:\/\/eldiariodesanpedro.com.ar\/sitio\/?p=60783"},"modified":"2019-09-26T10:44:18","modified_gmt":"2019-09-26T13:44:18","slug":"san-nicolas-circulaba-con-293-de-alcohol-en-sangre","status":"publish","type":"post","link":"https:\/\/eldiariodesanpedro.com.ar\/sitio\/san-nicolas-circulaba-con-293-de-alcohol-en-sangre\/","title":{"rendered":"SAN NICOL\u00c1S | Circulaba con 2,93 de alcohol en sangre"},"content":{"rendered":"<!-- VideographyWP Plugin Message: Automatic video embedding prevented by plugin options. -->\n\n<p>\n\nUn hombre de 41 a\u00f1os fue interceptado cuando intentaba pasar con su veh\u00edculo por Garc\u00eda Reynoso y Sarmiento en la zona del Santuario. El sujeto circulaba en estado de ebriedad por lo que se le realiz\u00f3 el test de alcoholemia que arroj\u00f3 como resultado 2,93 de alcohol en sangre.<\/p>\n\n\n\n<p>Personal de tr\u00e1nsito secuestr\u00f3 el Renault 6 dominio WCZ113 y trasladado al corral\u00f3n municipal, adem\u00e1s de retener la licencia de conducir del infractor.<\/p>\n\n\n\n<p>Fuente: Diario El Informante <\/p>\n","protected":false},"excerpt":{"rendered":"<p>Un hombre de 41 a\u00f1os fue interceptado cuando intentaba pasar con su veh\u00edculo por Garc\u00eda Reynoso y Sarmiento en la zona del Santuario. El sujeto circulaba en estado de ebriedad por lo que se le realiz\u00f3 el test de alcoholemia que arroj\u00f3 como resultado 2,93 de alcohol en sangre. Personal de tr\u00e1nsito secuestr\u00f3 el Renault [&hellip;]<\/p>\n","protected":false},"author":4,"featured_media":60784,"comment_status":"open","ping_status":"closed","sticky":false,"template":"","format":"standard","meta":{"om_disable_all_campaigns":false,"_jetpack_memberships_contains_paid_content":false,"footnotes":""},"categories":[621],"tags":[],"class_list":["post-60783","post","type-post","status-publish","format-standard","has-post-thumbnail","hentry","category-regionales"],"aioseo_notices":[],"gutentor_comment":0,"jetpack_featured_media_url":"https:\/\/eldiariodesanpedro.com.ar\/sitio\/wp-content\/uploads\/2019\/09\/no_dump18h1s9vag61auto.jpg","jetpack_shortlink":"https:\/\/wp.me\/p6RhLt-fOn","jetpack_sharing_enabled":true,"_links":{"self":[{"href":"https:\/\/eldiariodesanpedro.com.ar\/sitio\/wp-json\/wp\/v2\/posts\/60783","targetHints":{"allow":["GET"]}}],"collection":[{"href":"https:\/\/eldiariodesanpedro.com.ar\/sitio\/wp-json\/wp\/v2\/posts"}],"about":[{"href":"https:\/\/eldiariodesanpedro.com.ar\/sitio\/wp-json\/wp\/v2\/types\/post"}],"author":[{"embeddable":true,"href":"https:\/\/eldiariodesanpedro.com.ar\/sitio\/wp-json\/wp\/v2\/users\/4"}],"replies":[{"embeddable":true,"href":"https:\/\/eldiariodesanpedro.com.ar\/sitio\/wp-json\/wp\/v2\/comments?post=60783"}],"version-history":[{"count":1,"href":"https:\/\/eldiariodesanpedro.com.ar\/sitio\/wp-json\/wp\/v2\/posts\/60783\/revisions"}],"predecessor-version":[{"id":60785,"href":"https:\/\/eldiariodesanpedro.com.ar\/sitio\/wp-json\/wp\/v2\/posts\/60783\/revisions\/60785"}],"wp:featuredmedia":[{"embeddable":true,"href":"https:\/\/eldiariodesanpedro.com.ar\/sitio\/wp-json\/wp\/v2\/media\/60784"}],"wp:attachment":[{"href":"https:\/\/eldiariodesanpedro.com.ar\/sitio\/wp-json\/wp\/v2\/media?parent=60783"}],"wp:term":[{"taxonomy":"category","embeddable":true,"href":"https:\/\/eldiariodesanpedro.com.ar\/sitio\/wp-json\/wp\/v2\/categories?post=60783"},{"taxonomy":"post_tag","embeddable":true,"href":"https:\/\/eldiariodesanpedro.com.ar\/sitio\/wp-json\/wp\/v2\/tags?post=60783"}],"curies":[{"name":"wp","href":"https:\/\/api.w.org\/{rel}","templated":true}]}}