{"id":60780,"date":"2019-09-26T10:42:42","date_gmt":"2019-09-26T13:42:42","guid":{"rendered":"https:\/\/eldiariodesanpedro.com.ar\/sitio\/?p=60780"},"modified":"2019-09-26T10:42:46","modified_gmt":"2019-09-26T13:42:46","slug":"zarate-lo-ataron-con-alambre-para-robar-las-herramientas-de-la-obra-en-construccion","status":"publish","type":"post","link":"https:\/\/eldiariodesanpedro.com.ar\/sitio\/zarate-lo-ataron-con-alambre-para-robar-las-herramientas-de-la-obra-en-construccion\/","title":{"rendered":"Z\u00c1RATE | Lo ataron con alambre para robar las herramientas de la obra en construcci\u00f3n"},"content":{"rendered":"<!-- VideographyWP Plugin Message: Automatic video embedding prevented by plugin options. -->\n\n<p><strong>Ocurri\u00f3 alrededor de las 22:30 de este lunes, cuando un ladr\u00f3n ingres\u00f3 a una obra en construcci\u00f3n ubicada en Julio Irazusta, entre Las Tropas y Rosa Regazzi, de la ciudad entrerriana de Gualeguaych\u00fa, donde funcionar\u00e1 un supermercado chino.<\/strong><\/p>\n\n\n\n<p>La propiedad es cuidada por un sereno de 18 a\u00f1os que los due\u00f1os de la construcci\u00f3n trajeron desde Z\u00e1rate.<\/p>\n\n\n\n<p>Cuando el ladr\u00f3n ingres\u00f3 al lugar, abord\u00f3 al encargado de la guardia nocturna y logr\u00f3 reducirlo y atarlo con un alambre del tipo San Mart\u00edn, lo que le provoc\u00f3 cortaduras y lastimaduras a la v\u00edctima.<\/p>\n\n\n\n<p>Tras reducir al sereno, el delincuente se apropi\u00f3 de una moladora y una caja de herramientas, en cuyo interior hab\u00eda unos martillos. Luego, huy\u00f3 sin dejar rastros.<\/p>\n\n\n\n<p>Cuando el sereno fue encontrado, las autoridades dispusieron el traslado inmediato al Hospital Centenario para que la v\u00edctima pudiera ser tratada por sus heridas.<\/p>\n\n\n\n<p>La Polic\u00eda investiga ahora las c\u00e1maras de seguridad de la zona para ver as\u00ed si puede localizar e identificar al individuo.<\/p>\n\n\n\n<p>Fuente: Impacto Local<\/p>\n","protected":false},"excerpt":{"rendered":"<p>Ocurri\u00f3 alrededor de las 22:30 de este lunes, cuando un ladr\u00f3n ingres\u00f3 a una obra en construcci\u00f3n ubicada en Julio Irazusta, entre Las Tropas y Rosa Regazzi, de la ciudad entrerriana de Gualeguaych\u00fa, donde funcionar\u00e1 un supermercado chino. La propiedad es cuidada por un sereno de 18 a\u00f1os que los due\u00f1os de la construcci\u00f3n trajeron [&hellip;]<\/p>\n","protected":false},"author":4,"featured_media":60781,"comment_status":"open","ping_status":"closed","sticky":false,"template":"","format":"standard","meta":{"om_disable_all_campaigns":false,"_jetpack_memberships_contains_paid_content":false,"footnotes":""},"categories":[621],"tags":[],"class_list":["post-60780","post","type-post","status-publish","format-standard","has-post-thumbnail","hentry","category-regionales"],"aioseo_notices":[],"gutentor_comment":0,"jetpack_featured_media_url":"https:\/\/eldiariodesanpedro.com.ar\/sitio\/wp-content\/uploads\/2019\/09\/0000891282.jpg","jetpack_shortlink":"https:\/\/wp.me\/p6RhLt-fOk","jetpack_sharing_enabled":true,"_links":{"self":[{"href":"https:\/\/eldiariodesanpedro.com.ar\/sitio\/wp-json\/wp\/v2\/posts\/60780","targetHints":{"allow":["GET"]}}],"collection":[{"href":"https:\/\/eldiariodesanpedro.com.ar\/sitio\/wp-json\/wp\/v2\/posts"}],"about":[{"href":"https:\/\/eldiariodesanpedro.com.ar\/sitio\/wp-json\/wp\/v2\/types\/post"}],"author":[{"embeddable":true,"href":"https:\/\/eldiariodesanpedro.com.ar\/sitio\/wp-json\/wp\/v2\/users\/4"}],"replies":[{"embeddable":true,"href":"https:\/\/eldiariodesanpedro.com.ar\/sitio\/wp-json\/wp\/v2\/comments?post=60780"}],"version-history":[{"count":1,"href":"https:\/\/eldiariodesanpedro.com.ar\/sitio\/wp-json\/wp\/v2\/posts\/60780\/revisions"}],"predecessor-version":[{"id":60782,"href":"https:\/\/eldiariodesanpedro.com.ar\/sitio\/wp-json\/wp\/v2\/posts\/60780\/revisions\/60782"}],"wp:featuredmedia":[{"embeddable":true,"href":"https:\/\/eldiariodesanpedro.com.ar\/sitio\/wp-json\/wp\/v2\/media\/60781"}],"wp:attachment":[{"href":"https:\/\/eldiariodesanpedro.com.ar\/sitio\/wp-json\/wp\/v2\/media?parent=60780"}],"wp:term":[{"taxonomy":"category","embeddable":true,"href":"https:\/\/eldiariodesanpedro.com.ar\/sitio\/wp-json\/wp\/v2\/categories?post=60780"},{"taxonomy":"post_tag","embeddable":true,"href":"https:\/\/eldiariodesanpedro.com.ar\/sitio\/wp-json\/wp\/v2\/tags?post=60780"}],"curies":[{"name":"wp","href":"https:\/\/api.w.org\/{rel}","templated":true}]}}