{"id":60776,"date":"2019-09-26T10:40:50","date_gmt":"2019-09-26T13:40:50","guid":{"rendered":"https:\/\/eldiariodesanpedro.com.ar\/sitio\/?p=60776"},"modified":"2019-09-26T10:40:55","modified_gmt":"2019-09-26T13:40:55","slug":"baradero-robaron-en-el-ex-hotel-sei-tu","status":"publish","type":"post","link":"https:\/\/eldiariodesanpedro.com.ar\/sitio\/baradero-robaron-en-el-ex-hotel-sei-tu\/","title":{"rendered":"BARADERO | Robaron en el ex Hotel Sei T\u00fa"},"content":{"rendered":"<!-- VideographyWP Plugin Message: Automatic video embedding prevented by plugin options. -->\n\n<p>Piter G\u00f3mez nos informa sobre el robo sucedido las \u00faltimas horas en el hotel.<\/p>\n\n\n\n<p>\u201cVaciaron el hotel, se llevaron aberturas, ca\u00f1os de agua, grifer\u00eda, arrancaron el techo, cortaron los cables de trif\u00e1sica, se llevaron el medidor\u2026 estamos horrorizados\u201d<\/p>\n\n\n\n<p>\u201cSon 22 habitaciones que desmantelaron\u201d<\/p>\n\n\n\n<p>Osvaldo Cortese es el due\u00f1o del hotel, que ya est\u00e1 al tanto de la situaci\u00f3n, est\u00e1 viniendo desde capital ya que \u00e9l vive all\u00ed.<\/p>\n\n\n\n<p>Fuente: Tiempo Noticias<\/p>\n","protected":false},"excerpt":{"rendered":"<p>Piter G\u00f3mez nos informa sobre el robo sucedido las \u00faltimas horas en el hotel. \u201cVaciaron el hotel, se llevaron aberturas, ca\u00f1os de agua, grifer\u00eda, arrancaron el techo, cortaron los cables de trif\u00e1sica, se llevaron el medidor\u2026 estamos horrorizados\u201d \u201cSon 22 habitaciones que desmantelaron\u201d Osvaldo Cortese es el due\u00f1o del hotel, que ya est\u00e1 al tanto [&hellip;]<\/p>\n","protected":false},"author":4,"featured_media":60778,"comment_status":"open","ping_status":"closed","sticky":false,"template":"","format":"standard","meta":{"om_disable_all_campaigns":false,"_jetpack_memberships_contains_paid_content":false,"footnotes":""},"categories":[621],"tags":[],"class_list":["post-60776","post","type-post","status-publish","format-standard","has-post-thumbnail","hentry","category-regionales"],"aioseo_notices":[],"gutentor_comment":0,"jetpack_featured_media_url":"https:\/\/eldiariodesanpedro.com.ar\/sitio\/wp-content\/uploads\/2019\/09\/b1e4cefe-c098-4e66-8f69-be0fe05308d5.jpg","jetpack_shortlink":"https:\/\/wp.me\/p6RhLt-fOg","jetpack_sharing_enabled":true,"_links":{"self":[{"href":"https:\/\/eldiariodesanpedro.com.ar\/sitio\/wp-json\/wp\/v2\/posts\/60776","targetHints":{"allow":["GET"]}}],"collection":[{"href":"https:\/\/eldiariodesanpedro.com.ar\/sitio\/wp-json\/wp\/v2\/posts"}],"about":[{"href":"https:\/\/eldiariodesanpedro.com.ar\/sitio\/wp-json\/wp\/v2\/types\/post"}],"author":[{"embeddable":true,"href":"https:\/\/eldiariodesanpedro.com.ar\/sitio\/wp-json\/wp\/v2\/users\/4"}],"replies":[{"embeddable":true,"href":"https:\/\/eldiariodesanpedro.com.ar\/sitio\/wp-json\/wp\/v2\/comments?post=60776"}],"version-history":[{"count":1,"href":"https:\/\/eldiariodesanpedro.com.ar\/sitio\/wp-json\/wp\/v2\/posts\/60776\/revisions"}],"predecessor-version":[{"id":60779,"href":"https:\/\/eldiariodesanpedro.com.ar\/sitio\/wp-json\/wp\/v2\/posts\/60776\/revisions\/60779"}],"wp:featuredmedia":[{"embeddable":true,"href":"https:\/\/eldiariodesanpedro.com.ar\/sitio\/wp-json\/wp\/v2\/media\/60778"}],"wp:attachment":[{"href":"https:\/\/eldiariodesanpedro.com.ar\/sitio\/wp-json\/wp\/v2\/media?parent=60776"}],"wp:term":[{"taxonomy":"category","embeddable":true,"href":"https:\/\/eldiariodesanpedro.com.ar\/sitio\/wp-json\/wp\/v2\/categories?post=60776"},{"taxonomy":"post_tag","embeddable":true,"href":"https:\/\/eldiariodesanpedro.com.ar\/sitio\/wp-json\/wp\/v2\/tags?post=60776"}],"curies":[{"name":"wp","href":"https:\/\/api.w.org\/{rel}","templated":true}]}}