{"id":60772,"date":"2019-09-26T10:37:45","date_gmt":"2019-09-26T13:37:45","guid":{"rendered":"https:\/\/eldiariodesanpedro.com.ar\/sitio\/?p=60772"},"modified":"2019-09-26T10:37:49","modified_gmt":"2019-09-26T13:37:49","slug":"baradero-comenzo-la-repavimentacion-del-tramo-mas-transitado-de-la-ruta-n9","status":"publish","type":"post","link":"https:\/\/eldiariodesanpedro.com.ar\/sitio\/baradero-comenzo-la-repavimentacion-del-tramo-mas-transitado-de-la-ruta-n9\/","title":{"rendered":"BARADERO | Comenz\u00f3 la repavimentaci\u00f3n del tramo m\u00e1s transitado de la ruta N\u00b09"},"content":{"rendered":"<!-- VideographyWP Plugin Message: Automatic video embedding prevented by plugin options. -->\n\n<p>Con la presencia del ministro de transporte de la naci\u00f3n, Guillermo Dietrich, en el KM 127 de la ruta N\u00b09, se anunci\u00f3 la repavimentaci\u00f3n de la autov\u00eda. Los trabajos comenzaron con la repavimentaci\u00f3n de la RN 9 entre Rosario y Buenos Aires. Actualmente, se est\u00e1n interviniendo m\u00e1s de 40 kil\u00f3metros entre Baradero y Z\u00e1rate. Esta obra mejorar\u00e1 significativamente las condiciones de circulaci\u00f3n y seguridad vial para los m\u00e1s de 27.000 usuarios que la transitan a diario.<br><\/p>\n\n\n\n<p><strong>Detalle:<\/strong><br>\u2022 Inversi\u00f3n: USD 1.0000 millones (es el total del Corredor E, no contamos con datos separados).<br>\u2022 Los trabajos comenzaron a la altura del KM 129, cerca de Alsina y luego se continuar\u00e1 en sentido descendente de la calzada hasta completar el tramo comprendido entre el km 147 y el km 106.<br>\u2022 Se realizar\u00e1n trabajos que incluyen bacheo superficial y profundo, fresado, sellado de fisuras y la ejecuci\u00f3n de se\u00f1alizaci\u00f3n horizontal y vertical.<br>\u2022 El tramo intervenido de la RN 9 es el m\u00e1s transitado del pa\u00eds ya que conecta Buenos Aires y Rosario, las ciudades m\u00e1s pobladas de Argentina.<\/p>\n\n\n\n<p>Fuente: Baradero Te Informa <\/p>\n","protected":false},"excerpt":{"rendered":"<p>Con la presencia del ministro de transporte de la naci\u00f3n, Guillermo Dietrich, en el KM 127 de la ruta N\u00b09, se anunci\u00f3 la repavimentaci\u00f3n de la autov\u00eda. Los trabajos comenzaron con la repavimentaci\u00f3n de la RN 9 entre Rosario y Buenos Aires. Actualmente, se est\u00e1n interviniendo m\u00e1s de 40 kil\u00f3metros entre Baradero y Z\u00e1rate. Esta [&hellip;]<\/p>\n","protected":false},"author":4,"featured_media":60774,"comment_status":"open","ping_status":"closed","sticky":false,"template":"","format":"standard","meta":{"om_disable_all_campaigns":false,"_jetpack_memberships_contains_paid_content":false,"footnotes":""},"categories":[621],"tags":[],"class_list":["post-60772","post","type-post","status-publish","format-standard","has-post-thumbnail","hentry","category-regionales"],"aioseo_notices":[],"gutentor_comment":0,"jetpack_featured_media_url":"https:\/\/eldiariodesanpedro.com.ar\/sitio\/wp-content\/uploads\/2019\/09\/00010.jpg","jetpack_shortlink":"https:\/\/wp.me\/p6RhLt-fOc","jetpack_sharing_enabled":true,"_links":{"self":[{"href":"https:\/\/eldiariodesanpedro.com.ar\/sitio\/wp-json\/wp\/v2\/posts\/60772","targetHints":{"allow":["GET"]}}],"collection":[{"href":"https:\/\/eldiariodesanpedro.com.ar\/sitio\/wp-json\/wp\/v2\/posts"}],"about":[{"href":"https:\/\/eldiariodesanpedro.com.ar\/sitio\/wp-json\/wp\/v2\/types\/post"}],"author":[{"embeddable":true,"href":"https:\/\/eldiariodesanpedro.com.ar\/sitio\/wp-json\/wp\/v2\/users\/4"}],"replies":[{"embeddable":true,"href":"https:\/\/eldiariodesanpedro.com.ar\/sitio\/wp-json\/wp\/v2\/comments?post=60772"}],"version-history":[{"count":1,"href":"https:\/\/eldiariodesanpedro.com.ar\/sitio\/wp-json\/wp\/v2\/posts\/60772\/revisions"}],"predecessor-version":[{"id":60775,"href":"https:\/\/eldiariodesanpedro.com.ar\/sitio\/wp-json\/wp\/v2\/posts\/60772\/revisions\/60775"}],"wp:featuredmedia":[{"embeddable":true,"href":"https:\/\/eldiariodesanpedro.com.ar\/sitio\/wp-json\/wp\/v2\/media\/60774"}],"wp:attachment":[{"href":"https:\/\/eldiariodesanpedro.com.ar\/sitio\/wp-json\/wp\/v2\/media?parent=60772"}],"wp:term":[{"taxonomy":"category","embeddable":true,"href":"https:\/\/eldiariodesanpedro.com.ar\/sitio\/wp-json\/wp\/v2\/categories?post=60772"},{"taxonomy":"post_tag","embeddable":true,"href":"https:\/\/eldiariodesanpedro.com.ar\/sitio\/wp-json\/wp\/v2\/tags?post=60772"}],"curies":[{"name":"wp","href":"https:\/\/api.w.org\/{rel}","templated":true}]}}