{"id":6077,"date":"2016-07-17T19:51:45","date_gmt":"2016-07-17T22:51:45","guid":{"rendered":"https:\/\/eldiariodesanpedro.com.ar\/sitio\/?p=6077"},"modified":"2016-07-17T19:51:45","modified_gmt":"2016-07-17T22:51:45","slug":"el-municipio-inicio-una-campana-para-aumentar-la-cobrabilidad-del-abl","status":"publish","type":"post","link":"https:\/\/eldiariodesanpedro.com.ar\/sitio\/el-municipio-inicio-una-campana-para-aumentar-la-cobrabilidad-del-abl\/","title":{"rendered":"El Municipio inici\u00f3 una campa\u00f1a para aumentar la cobrabilidad del ABL"},"content":{"rendered":"<p><!-- VideographyWP Plugin Message: Automatic video embedding prevented by plugin options. --><br \/>\nLa Municipalidad de San Pedro difundi\u00f3 un mapa con el objetivo de dar a conocer a la poblaci\u00f3n el bajo nivel de cobrabilidad que tiene la Tasa de Alumbrado, Barrido y Limpieza. Seg\u00fan se ha podido establecer, la misma se encuentra en alrededor de 50% y la idea de la gesti\u00f3n de Salazar es incrementar ese n\u00famero para que los contribuyentes comiencen a regularizar su situaci\u00f3n de deuda. Para ello, se ha diagramado una campa\u00f1a a trav\u00e9s de medios de comunicaci\u00f3n y redes sociales.<br \/>\nEl mapa muestra en rojo las zonas donde paga menos del 25 por ciento de los vecinos; en naranja, del 25 al 50; en celeste, del 50 al 75; y en azul aquellos donde mayor cumplimiento hay, superando el 75 por ciento de cobrabilidad.<br \/>\nSin embargo, en azul, color utilizado para se\u00f1alar las zonas de mayor cumplimiento de ABL, aparecen pocos espacios. Entre ellos, un cuadrante importante ubicado entre las calles Mitre y An\u00edbal de Ant\u00f3n, y Caroni y Beaumont.<br \/>\nEn un comunicado, el Municipio sostuvo con respecto al mapa: \u201cEl siguiente es un mapa de la ciudad con el \u00edndice de cobrabilidad, indicado en diferentes colores, y al pie de esta nota, un acceso al archivo completo de las cuentas de ABL de los vecinos de la ciudad que fue publicada en el Bolet\u00edn Oficial\u201d.<\/p>\n","protected":false},"excerpt":{"rendered":"<p>La Municipalidad de San Pedro difundi\u00f3 un mapa con el objetivo de dar a conocer a la poblaci\u00f3n el bajo nivel de cobrabilidad que tiene la Tasa de Alumbrado, Barrido y Limpieza. Seg\u00fan se ha podido establecer, la misma se encuentra en alrededor de 50% y la idea de la gesti\u00f3n de Salazar es incrementar [&hellip;]<\/p>\n","protected":false},"author":4,"featured_media":6078,"comment_status":"open","ping_status":"closed","sticky":false,"template":"","format":"standard","meta":{"om_disable_all_campaigns":false,"_jetpack_memberships_contains_paid_content":false,"footnotes":""},"categories":[50,101,2],"tags":[],"class_list":["post-6077","post","type-post","status-publish","format-standard","has-post-thumbnail","hentry","category-destacadas","category-interes-general-locales","category-locales"],"aioseo_notices":[],"gutentor_comment":0,"jetpack_featured_media_url":"https:\/\/eldiariodesanpedro.com.ar\/sitio\/wp-content\/uploads\/2016\/07\/PAGINA-5-7.jpg","jetpack_shortlink":"https:\/\/wp.me\/p6RhLt-1A1","jetpack_sharing_enabled":true,"_links":{"self":[{"href":"https:\/\/eldiariodesanpedro.com.ar\/sitio\/wp-json\/wp\/v2\/posts\/6077","targetHints":{"allow":["GET"]}}],"collection":[{"href":"https:\/\/eldiariodesanpedro.com.ar\/sitio\/wp-json\/wp\/v2\/posts"}],"about":[{"href":"https:\/\/eldiariodesanpedro.com.ar\/sitio\/wp-json\/wp\/v2\/types\/post"}],"author":[{"embeddable":true,"href":"https:\/\/eldiariodesanpedro.com.ar\/sitio\/wp-json\/wp\/v2\/users\/4"}],"replies":[{"embeddable":true,"href":"https:\/\/eldiariodesanpedro.com.ar\/sitio\/wp-json\/wp\/v2\/comments?post=6077"}],"version-history":[{"count":1,"href":"https:\/\/eldiariodesanpedro.com.ar\/sitio\/wp-json\/wp\/v2\/posts\/6077\/revisions"}],"predecessor-version":[{"id":6079,"href":"https:\/\/eldiariodesanpedro.com.ar\/sitio\/wp-json\/wp\/v2\/posts\/6077\/revisions\/6079"}],"wp:featuredmedia":[{"embeddable":true,"href":"https:\/\/eldiariodesanpedro.com.ar\/sitio\/wp-json\/wp\/v2\/media\/6078"}],"wp:attachment":[{"href":"https:\/\/eldiariodesanpedro.com.ar\/sitio\/wp-json\/wp\/v2\/media?parent=6077"}],"wp:term":[{"taxonomy":"category","embeddable":true,"href":"https:\/\/eldiariodesanpedro.com.ar\/sitio\/wp-json\/wp\/v2\/categories?post=6077"},{"taxonomy":"post_tag","embeddable":true,"href":"https:\/\/eldiariodesanpedro.com.ar\/sitio\/wp-json\/wp\/v2\/tags?post=6077"}],"curies":[{"name":"wp","href":"https:\/\/api.w.org\/{rel}","templated":true}]}}