{"id":60769,"date":"2019-09-26T10:32:56","date_gmt":"2019-09-26T13:32:56","guid":{"rendered":"https:\/\/eldiariodesanpedro.com.ar\/sitio\/?p=60769"},"modified":"2019-09-26T10:33:00","modified_gmt":"2019-09-26T13:33:00","slug":"ramallo-la-comisaria-de-la-mujer-tiene-movil-propio","status":"publish","type":"post","link":"https:\/\/eldiariodesanpedro.com.ar\/sitio\/ramallo-la-comisaria-de-la-mujer-tiene-movil-propio\/","title":{"rendered":"RAMALLO | La Comisar\u00eda de la Mujer tiene m\u00f3vil propio"},"content":{"rendered":"<!-- VideographyWP Plugin Message: Automatic video embedding prevented by plugin options. -->\n\n<p>La Comisaria de la Mujer y la Familia finalmente recibi\u00f3 un m\u00f3vil propio para dicha dependencia. La entrega se hizo efectiva este mi\u00e9rcoles, con la presencia de la concejal Paula Sanfillipo, quien hab\u00eda presentado un proyecto para el desembarco del mismo.<\/p>\n\n\n\n<p>La comisaria Carolina Urquiaga celebro el arribo del m\u00f3vil, y manifest\u00f3 que \u201cestamos muy contentos todo el personal, ya que hace cuatro a\u00f1os que venimos trabajando, hemos crecido mucho y la demanda\u00a0 ha crecido. La llegada del m\u00f3vil nos va a ayudar con las tareas diarias, de traslado o diligencias judiciales. Hasta el momento cont\u00e1bamos con la colaboraci\u00f3n de las Estaciones Comunales de cada localidad, que nos acompa\u00f1aron con personal y m\u00f3viles\u201d.<\/p>\n\n\n\n<p>\u201cPara nuestro trabajo, y para las mujeres de Ramallo que se acercan a nuestra dependencia por las problem\u00e1ticas que padecen, es muy importante para nuestro trabajo. Estamos muy contentas todas, y esto ayuda a seguir trabajando con el mismo compromiso y la misma voluntad\u201d, remarco la titular de la Comisaria de la Mujer.<\/p>\n\n\n\n<p>Sobre las gestiones realizadas por la edil Paula Sanfillipo, Urquiaga sostuvo que \u201cla concejal Paula Sanfillipo hab\u00eda trabajado con nosotros, siempre desinteresadamente. Ella nos compart\u00eda su alegr\u00eda, porque trabajo codo a codo con nosotros. Esto era una tarea pendiente que ella ten\u00eda, y se movilizo mucho por este tema. No quer\u00edamos dejar de destacar su trabajo\u201d.<\/p>\n\n\n\n<p><\/p>\n","protected":false},"excerpt":{"rendered":"<p>La Comisaria de la Mujer y la Familia finalmente recibi\u00f3 un m\u00f3vil propio para dicha dependencia. La entrega se hizo efectiva este mi\u00e9rcoles, con la presencia de la concejal Paula Sanfillipo, quien hab\u00eda presentado un proyecto para el desembarco del mismo. La comisaria Carolina Urquiaga celebro el arribo del m\u00f3vil, y manifest\u00f3 que \u201cestamos muy [&hellip;]<\/p>\n","protected":false},"author":4,"featured_media":60770,"comment_status":"open","ping_status":"closed","sticky":false,"template":"","format":"standard","meta":{"om_disable_all_campaigns":false,"_jetpack_memberships_contains_paid_content":false,"footnotes":""},"categories":[621],"tags":[],"class_list":["post-60769","post","type-post","status-publish","format-standard","has-post-thumbnail","hentry","category-regionales"],"aioseo_notices":[],"gutentor_comment":0,"jetpack_featured_media_url":"https:\/\/eldiariodesanpedro.com.ar\/sitio\/wp-content\/uploads\/2019\/09\/WhatsApp-Image-2019-09-25-at-15.14.33.jpeg","jetpack_shortlink":"https:\/\/wp.me\/p6RhLt-fO9","jetpack_sharing_enabled":true,"_links":{"self":[{"href":"https:\/\/eldiariodesanpedro.com.ar\/sitio\/wp-json\/wp\/v2\/posts\/60769","targetHints":{"allow":["GET"]}}],"collection":[{"href":"https:\/\/eldiariodesanpedro.com.ar\/sitio\/wp-json\/wp\/v2\/posts"}],"about":[{"href":"https:\/\/eldiariodesanpedro.com.ar\/sitio\/wp-json\/wp\/v2\/types\/post"}],"author":[{"embeddable":true,"href":"https:\/\/eldiariodesanpedro.com.ar\/sitio\/wp-json\/wp\/v2\/users\/4"}],"replies":[{"embeddable":true,"href":"https:\/\/eldiariodesanpedro.com.ar\/sitio\/wp-json\/wp\/v2\/comments?post=60769"}],"version-history":[{"count":1,"href":"https:\/\/eldiariodesanpedro.com.ar\/sitio\/wp-json\/wp\/v2\/posts\/60769\/revisions"}],"predecessor-version":[{"id":60771,"href":"https:\/\/eldiariodesanpedro.com.ar\/sitio\/wp-json\/wp\/v2\/posts\/60769\/revisions\/60771"}],"wp:featuredmedia":[{"embeddable":true,"href":"https:\/\/eldiariodesanpedro.com.ar\/sitio\/wp-json\/wp\/v2\/media\/60770"}],"wp:attachment":[{"href":"https:\/\/eldiariodesanpedro.com.ar\/sitio\/wp-json\/wp\/v2\/media?parent=60769"}],"wp:term":[{"taxonomy":"category","embeddable":true,"href":"https:\/\/eldiariodesanpedro.com.ar\/sitio\/wp-json\/wp\/v2\/categories?post=60769"},{"taxonomy":"post_tag","embeddable":true,"href":"https:\/\/eldiariodesanpedro.com.ar\/sitio\/wp-json\/wp\/v2\/tags?post=60769"}],"curies":[{"name":"wp","href":"https:\/\/api.w.org\/{rel}","templated":true}]}}