{"id":60766,"date":"2019-09-26T10:31:22","date_gmt":"2019-09-26T13:31:22","guid":{"rendered":"https:\/\/eldiariodesanpedro.com.ar\/sitio\/?p=60766"},"modified":"2019-09-26T10:31:26","modified_gmt":"2019-09-26T13:31:26","slug":"ramallo-vidal-visito-la-localidad-y-dialogo-con-vecinos-beneficiados-por-una-obra-vial-en-el-paraiso","status":"publish","type":"post","link":"https:\/\/eldiariodesanpedro.com.ar\/sitio\/ramallo-vidal-visito-la-localidad-y-dialogo-con-vecinos-beneficiados-por-una-obra-vial-en-el-paraiso\/","title":{"rendered":"RAMALLO | Vidal visit\u00f3 la localidad y dialog\u00f3 con vecinos beneficiados por una obra vial en \u00abEl Para\u00edso\u00bb"},"content":{"rendered":"<!-- VideographyWP Plugin Message: Automatic video embedding prevented by plugin options. -->\n\n<p>La gobernadora de la provincia de Buenos Aires, Mar\u00eda Eugenia Vidal, estuvo en Ramallo donde se entrevist\u00f3 con vecinos beneficiados por la obra de repavimentaci\u00f3n y ensanche del ingreso a la localidad \u201cEl Para\u00edso\u201d, que fue financiada y ejecutada por el Ministerio de Infraestructura y Servicios P\u00fablicos de la Provincia.<\/p>\n\n\n\n<p>La mandataria estuvo acompa\u00f1ada por el concejal local, Gustavo Perie; el secretario de Medios de la provincia, Mariano Mohadeb; el subsecretario de Asuntos Municipales bonaerense, Alex Campbell; y el director provincial de Regi\u00f3n Interior del Ministerio de Gobierno, Owen Fern\u00e1ndez.<\/p>\n\n\n\n<p>Los trabajos, que comenzaron en mayo de 2017 y finalizaron en noviembre de 2018, tuvieron como objetivo mejorar las condiciones de circulaci\u00f3n y la seguridad vial en la zona. Incluyeron la reconstrucci\u00f3n de las banquinas, nueva se\u00f1alizaci\u00f3n horizontal y vertical, y mejoras en el alcantarillado.<\/p>\n\n\n\n<p>Fuente: Ramallo Ciudad<\/p>\n","protected":false},"excerpt":{"rendered":"<p>La gobernadora de la provincia de Buenos Aires, Mar\u00eda Eugenia Vidal, estuvo en Ramallo donde se entrevist\u00f3 con vecinos beneficiados por la obra de repavimentaci\u00f3n y ensanche del ingreso a la localidad \u201cEl Para\u00edso\u201d, que fue financiada y ejecutada por el Ministerio de Infraestructura y Servicios P\u00fablicos de la Provincia. La mandataria estuvo acompa\u00f1ada por [&hellip;]<\/p>\n","protected":false},"author":4,"featured_media":60767,"comment_status":"open","ping_status":"closed","sticky":false,"template":"","format":"standard","meta":{"om_disable_all_campaigns":false,"_jetpack_memberships_contains_paid_content":false,"footnotes":""},"categories":[621],"tags":[],"class_list":["post-60766","post","type-post","status-publish","format-standard","has-post-thumbnail","hentry","category-regionales"],"aioseo_notices":[],"gutentor_comment":0,"jetpack_featured_media_url":"https:\/\/eldiariodesanpedro.com.ar\/sitio\/wp-content\/uploads\/2019\/09\/bbx_285042248_1_ramallo.jpg","jetpack_shortlink":"https:\/\/wp.me\/p6RhLt-fO6","jetpack_sharing_enabled":true,"_links":{"self":[{"href":"https:\/\/eldiariodesanpedro.com.ar\/sitio\/wp-json\/wp\/v2\/posts\/60766","targetHints":{"allow":["GET"]}}],"collection":[{"href":"https:\/\/eldiariodesanpedro.com.ar\/sitio\/wp-json\/wp\/v2\/posts"}],"about":[{"href":"https:\/\/eldiariodesanpedro.com.ar\/sitio\/wp-json\/wp\/v2\/types\/post"}],"author":[{"embeddable":true,"href":"https:\/\/eldiariodesanpedro.com.ar\/sitio\/wp-json\/wp\/v2\/users\/4"}],"replies":[{"embeddable":true,"href":"https:\/\/eldiariodesanpedro.com.ar\/sitio\/wp-json\/wp\/v2\/comments?post=60766"}],"version-history":[{"count":1,"href":"https:\/\/eldiariodesanpedro.com.ar\/sitio\/wp-json\/wp\/v2\/posts\/60766\/revisions"}],"predecessor-version":[{"id":60768,"href":"https:\/\/eldiariodesanpedro.com.ar\/sitio\/wp-json\/wp\/v2\/posts\/60766\/revisions\/60768"}],"wp:featuredmedia":[{"embeddable":true,"href":"https:\/\/eldiariodesanpedro.com.ar\/sitio\/wp-json\/wp\/v2\/media\/60767"}],"wp:attachment":[{"href":"https:\/\/eldiariodesanpedro.com.ar\/sitio\/wp-json\/wp\/v2\/media?parent=60766"}],"wp:term":[{"taxonomy":"category","embeddable":true,"href":"https:\/\/eldiariodesanpedro.com.ar\/sitio\/wp-json\/wp\/v2\/categories?post=60766"},{"taxonomy":"post_tag","embeddable":true,"href":"https:\/\/eldiariodesanpedro.com.ar\/sitio\/wp-json\/wp\/v2\/tags?post=60766"}],"curies":[{"name":"wp","href":"https:\/\/api.w.org\/{rel}","templated":true}]}}