{"id":60763,"date":"2019-09-26T10:29:20","date_gmt":"2019-09-26T13:29:20","guid":{"rendered":"https:\/\/eldiariodesanpedro.com.ar\/sitio\/?p=60763"},"modified":"2019-09-26T10:29:24","modified_gmt":"2019-09-26T13:29:24","slug":"ramallo-avanza-la-construccion-del-destacamento-de-bomberos-en-ramallo","status":"publish","type":"post","link":"https:\/\/eldiariodesanpedro.com.ar\/sitio\/ramallo-avanza-la-construccion-del-destacamento-de-bomberos-en-ramallo\/","title":{"rendered":"RAMALLO | Avanza la construcci\u00f3n del Destacamento de Bomberos en Ramallo"},"content":{"rendered":"<!-- VideographyWP Plugin Message: Automatic video embedding prevented by plugin options. -->\n\n<p>La Comisi\u00f3n Directiva del Destacamento de Bomberos Voluntarios dio a conocer los avances en la construcci\u00f3n del establecimiento. En esta oportunidad se comenzaron las terminaciones en los vestuarios y casino de oficiales.<\/p>\n\n\n\n<p>\u201cQuienes estamos al frente y asumimos la responsabilidad de terminar el destacamento Ramallo de Bomberos no bajaremos los brazos para cumplir el objetivo que hace m\u00e1s de una d\u00e9cada viene siendo una promesa incumplida\u201d, afirm\u00f3\u00a0<strong>Sergio Butara<\/strong>, titular de la comisi\u00f3n.<\/p>\n\n\n\n<p>Adem\u00e1s, personal de la Municipalidad de Ramallo realiz\u00f3 la compactaci\u00f3n del suelo y se nivelo para el llenado con hormig\u00f3n, para la construcci\u00f3n de la vereda como en los accesos vehiculares al destacamento.<\/p>\n\n\n\n<p>Fuente: Ramallo Ciudad <\/p>\n","protected":false},"excerpt":{"rendered":"<p>La Comisi\u00f3n Directiva del Destacamento de Bomberos Voluntarios dio a conocer los avances en la construcci\u00f3n del establecimiento. En esta oportunidad se comenzaron las terminaciones en los vestuarios y casino de oficiales. \u201cQuienes estamos al frente y asumimos la responsabilidad de terminar el destacamento Ramallo de Bomberos no bajaremos los brazos para cumplir el objetivo [&hellip;]<\/p>\n","protected":false},"author":4,"featured_media":60764,"comment_status":"open","ping_status":"closed","sticky":false,"template":"","format":"standard","meta":{"om_disable_all_campaigns":false,"_jetpack_memberships_contains_paid_content":false,"footnotes":""},"categories":[621],"tags":[],"class_list":["post-60763","post","type-post","status-publish","format-standard","has-post-thumbnail","hentry","category-regionales"],"aioseo_notices":[],"gutentor_comment":0,"jetpack_featured_media_url":"https:\/\/eldiariodesanpedro.com.ar\/sitio\/wp-content\/uploads\/2019\/09\/bbx_285042408_1_bomberos.jpg","jetpack_shortlink":"https:\/\/wp.me\/p6RhLt-fO3","jetpack_sharing_enabled":true,"_links":{"self":[{"href":"https:\/\/eldiariodesanpedro.com.ar\/sitio\/wp-json\/wp\/v2\/posts\/60763","targetHints":{"allow":["GET"]}}],"collection":[{"href":"https:\/\/eldiariodesanpedro.com.ar\/sitio\/wp-json\/wp\/v2\/posts"}],"about":[{"href":"https:\/\/eldiariodesanpedro.com.ar\/sitio\/wp-json\/wp\/v2\/types\/post"}],"author":[{"embeddable":true,"href":"https:\/\/eldiariodesanpedro.com.ar\/sitio\/wp-json\/wp\/v2\/users\/4"}],"replies":[{"embeddable":true,"href":"https:\/\/eldiariodesanpedro.com.ar\/sitio\/wp-json\/wp\/v2\/comments?post=60763"}],"version-history":[{"count":1,"href":"https:\/\/eldiariodesanpedro.com.ar\/sitio\/wp-json\/wp\/v2\/posts\/60763\/revisions"}],"predecessor-version":[{"id":60765,"href":"https:\/\/eldiariodesanpedro.com.ar\/sitio\/wp-json\/wp\/v2\/posts\/60763\/revisions\/60765"}],"wp:featuredmedia":[{"embeddable":true,"href":"https:\/\/eldiariodesanpedro.com.ar\/sitio\/wp-json\/wp\/v2\/media\/60764"}],"wp:attachment":[{"href":"https:\/\/eldiariodesanpedro.com.ar\/sitio\/wp-json\/wp\/v2\/media?parent=60763"}],"wp:term":[{"taxonomy":"category","embeddable":true,"href":"https:\/\/eldiariodesanpedro.com.ar\/sitio\/wp-json\/wp\/v2\/categories?post=60763"},{"taxonomy":"post_tag","embeddable":true,"href":"https:\/\/eldiariodesanpedro.com.ar\/sitio\/wp-json\/wp\/v2\/tags?post=60763"}],"curies":[{"name":"wp","href":"https:\/\/api.w.org\/{rel}","templated":true}]}}