{"id":60762,"date":"2019-09-26T10:35:43","date_gmt":"2019-09-26T13:35:43","guid":{"rendered":"https:\/\/eldiariodesanpedro.com.ar\/sitio\/?p=60762"},"modified":"2019-09-26T10:35:48","modified_gmt":"2019-09-26T13:35:48","slug":"denuncias-realizadas-por-danos","status":"publish","type":"post","link":"https:\/\/eldiariodesanpedro.com.ar\/sitio\/denuncias-realizadas-por-danos\/","title":{"rendered":"Denuncias realizadas por da\u00f1os"},"content":{"rendered":"<!-- VideographyWP Plugin Message: Automatic video embedding prevented by plugin options. -->\n\n<p>De acuerdo a lo expresado en las denuncias, una mujer constato da\u00f1os en su vivienda de la localidad vecina de Santa Lucia y hubo da\u00f1os en un Instituto Escolar de nuestra ciudad.<\/p>\n\n\n\n<p>No hubo faltantes de elemento, solo vidrios y rejas rotas seg\u00fan las denuncias radicadas en la comisaria local este mi\u00e9rcoles.<\/p>\n\n\n\n<p>Primeramente una mujer de 36 expreso llegar a su vivienda en Santa Lucia, la cual posee para alquilar, constatando da\u00f1os en la puerta lateral sin faltantes de elementos.<\/p>\n\n\n\n<p>Tambi\u00e9n se constataron da\u00f1os en el Instituto Escolar ubicado en calle Estrada,  en persiana a rollo, reja y vidrios.<\/p>\n\n\n\n<p>Interviene en los hechos la Fiscalia Local.<\/p>\n","protected":false},"excerpt":{"rendered":"<p>De acuerdo a lo expresado en las denuncias, una mujer constato da\u00f1os en su vivienda de la localidad vecina de Santa Lucia y hubo da\u00f1os en un Instituto Escolar de nuestra ciudad. No hubo faltantes de elemento, solo vidrios y rejas rotas seg\u00fan las denuncias radicadas en la comisaria local este mi\u00e9rcoles. Primeramente una mujer [&hellip;]<\/p>\n","protected":false},"author":4,"featured_media":47887,"comment_status":"open","ping_status":"closed","sticky":false,"template":"","format":"standard","meta":{"om_disable_all_campaigns":false,"_jetpack_memberships_contains_paid_content":false,"footnotes":""},"categories":[2,103],"tags":[],"class_list":["post-60762","post","type-post","status-publish","format-standard","has-post-thumbnail","hentry","category-locales","category-policiales-locales"],"aioseo_notices":[],"gutentor_comment":0,"jetpack_featured_media_url":"https:\/\/eldiariodesanpedro.com.ar\/sitio\/wp-content\/uploads\/2019\/02\/patrullero-policia_5.jpg","jetpack_shortlink":"https:\/\/wp.me\/p6RhLt-fO2","jetpack_sharing_enabled":true,"_links":{"self":[{"href":"https:\/\/eldiariodesanpedro.com.ar\/sitio\/wp-json\/wp\/v2\/posts\/60762","targetHints":{"allow":["GET"]}}],"collection":[{"href":"https:\/\/eldiariodesanpedro.com.ar\/sitio\/wp-json\/wp\/v2\/posts"}],"about":[{"href":"https:\/\/eldiariodesanpedro.com.ar\/sitio\/wp-json\/wp\/v2\/types\/post"}],"author":[{"embeddable":true,"href":"https:\/\/eldiariodesanpedro.com.ar\/sitio\/wp-json\/wp\/v2\/users\/4"}],"replies":[{"embeddable":true,"href":"https:\/\/eldiariodesanpedro.com.ar\/sitio\/wp-json\/wp\/v2\/comments?post=60762"}],"version-history":[{"count":1,"href":"https:\/\/eldiariodesanpedro.com.ar\/sitio\/wp-json\/wp\/v2\/posts\/60762\/revisions"}],"predecessor-version":[{"id":60773,"href":"https:\/\/eldiariodesanpedro.com.ar\/sitio\/wp-json\/wp\/v2\/posts\/60762\/revisions\/60773"}],"wp:featuredmedia":[{"embeddable":true,"href":"https:\/\/eldiariodesanpedro.com.ar\/sitio\/wp-json\/wp\/v2\/media\/47887"}],"wp:attachment":[{"href":"https:\/\/eldiariodesanpedro.com.ar\/sitio\/wp-json\/wp\/v2\/media?parent=60762"}],"wp:term":[{"taxonomy":"category","embeddable":true,"href":"https:\/\/eldiariodesanpedro.com.ar\/sitio\/wp-json\/wp\/v2\/categories?post=60762"},{"taxonomy":"post_tag","embeddable":true,"href":"https:\/\/eldiariodesanpedro.com.ar\/sitio\/wp-json\/wp\/v2\/tags?post=60762"}],"curies":[{"name":"wp","href":"https:\/\/api.w.org\/{rel}","templated":true}]}}