{"id":60758,"date":"2019-09-26T10:14:22","date_gmt":"2019-09-26T13:14:22","guid":{"rendered":"https:\/\/eldiariodesanpedro.com.ar\/sitio\/?p=60758"},"modified":"2019-09-26T10:14:26","modified_gmt":"2019-09-26T13:14:26","slug":"aumenta-la-preocupacion-en-la-clinica-san-pedro","status":"publish","type":"post","link":"https:\/\/eldiariodesanpedro.com.ar\/sitio\/aumenta-la-preocupacion-en-la-clinica-san-pedro\/","title":{"rendered":"Aumenta la preocupaci\u00f3n en la Cl\u00ednica San Pedro"},"content":{"rendered":"<!-- VideographyWP Plugin Message: Automatic video embedding prevented by plugin options. -->\n\n<p>La falta de pago a los trabajadores acrecienta la crisis en el establecimiento sanitario. Aun no hay respuestas desde el directorio.<\/p>\n\n\n\n<p>Amedidas que pasan los d\u00edas aumenta la preocupaci\u00f3n entre los trabajadores de la Cl\u00ednica Privada San Pedro. Los empleados del lugar aseguraron que aun no han cobrado los haberes del mes de agosto y no hay indicios de que eso pueda suceder.\u00a0<\/p>\n\n\n\n<p>Ni el reclamo constante de los empleados, ni la intervenci\u00f3n del sindicato de la Sanidad ha logrado destrabar el conflicto y hay temor por lo que pueda suceder con el pasar de los d\u00edas.&nbsp;<\/p>\n\n\n\n<p>Los propios trabajadores aseguraron que no hay respuestas por parte de los m\u00e9dicos responsables del establecimiento y son escasas las expectativas de que las haya.\u00a0<\/p>\n\n\n\n<p>Fuente: San Pedro Informa<\/p>\n","protected":false},"excerpt":{"rendered":"<p>La falta de pago a los trabajadores acrecienta la crisis en el establecimiento sanitario. Aun no hay respuestas desde el directorio. Amedidas que pasan los d\u00edas aumenta la preocupaci\u00f3n entre los trabajadores de la Cl\u00ednica Privada San Pedro. Los empleados del lugar aseguraron que aun no han cobrado los haberes del mes de agosto y [&hellip;]<\/p>\n","protected":false},"author":4,"featured_media":60759,"comment_status":"open","ping_status":"closed","sticky":false,"template":"","format":"standard","meta":{"om_disable_all_campaigns":false,"_jetpack_memberships_contains_paid_content":false,"footnotes":""},"categories":[101,2],"tags":[],"class_list":["post-60758","post","type-post","status-publish","format-standard","has-post-thumbnail","hentry","category-interes-general-locales","category-locales"],"aioseo_notices":[],"gutentor_comment":0,"jetpack_featured_media_url":"https:\/\/eldiariodesanpedro.com.ar\/sitio\/wp-content\/uploads\/2019\/09\/000080022.jpg","jetpack_shortlink":"https:\/\/wp.me\/p6RhLt-fNY","jetpack_sharing_enabled":true,"_links":{"self":[{"href":"https:\/\/eldiariodesanpedro.com.ar\/sitio\/wp-json\/wp\/v2\/posts\/60758","targetHints":{"allow":["GET"]}}],"collection":[{"href":"https:\/\/eldiariodesanpedro.com.ar\/sitio\/wp-json\/wp\/v2\/posts"}],"about":[{"href":"https:\/\/eldiariodesanpedro.com.ar\/sitio\/wp-json\/wp\/v2\/types\/post"}],"author":[{"embeddable":true,"href":"https:\/\/eldiariodesanpedro.com.ar\/sitio\/wp-json\/wp\/v2\/users\/4"}],"replies":[{"embeddable":true,"href":"https:\/\/eldiariodesanpedro.com.ar\/sitio\/wp-json\/wp\/v2\/comments?post=60758"}],"version-history":[{"count":1,"href":"https:\/\/eldiariodesanpedro.com.ar\/sitio\/wp-json\/wp\/v2\/posts\/60758\/revisions"}],"predecessor-version":[{"id":60760,"href":"https:\/\/eldiariodesanpedro.com.ar\/sitio\/wp-json\/wp\/v2\/posts\/60758\/revisions\/60760"}],"wp:featuredmedia":[{"embeddable":true,"href":"https:\/\/eldiariodesanpedro.com.ar\/sitio\/wp-json\/wp\/v2\/media\/60759"}],"wp:attachment":[{"href":"https:\/\/eldiariodesanpedro.com.ar\/sitio\/wp-json\/wp\/v2\/media?parent=60758"}],"wp:term":[{"taxonomy":"category","embeddable":true,"href":"https:\/\/eldiariodesanpedro.com.ar\/sitio\/wp-json\/wp\/v2\/categories?post=60758"},{"taxonomy":"post_tag","embeddable":true,"href":"https:\/\/eldiariodesanpedro.com.ar\/sitio\/wp-json\/wp\/v2\/tags?post=60758"}],"curies":[{"name":"wp","href":"https:\/\/api.w.org\/{rel}","templated":true}]}}