{"id":60754,"date":"2019-09-26T10:12:21","date_gmt":"2019-09-26T13:12:21","guid":{"rendered":"https:\/\/eldiariodesanpedro.com.ar\/sitio\/?p=60754"},"modified":"2019-09-26T10:12:25","modified_gmt":"2019-09-26T13:12:25","slug":"comenzo-la-construccion-de-la-escalera-de-colores","status":"publish","type":"post","link":"https:\/\/eldiariodesanpedro.com.ar\/sitio\/comenzo-la-construccion-de-la-escalera-de-colores\/","title":{"rendered":"Comenz\u00f3 la construcci\u00f3n de la \u00abescalera de colores\u00bb"},"content":{"rendered":"<!-- VideographyWP Plugin Message: Automatic video embedding prevented by plugin options. -->\n\n<p>Asi fue denominada por las autoras del proyecto, las artistas pl\u00e1sticas Mariana Maroli y Mar\u00eda Luz M\u00e9ndez. Se encuentra ubicada en la intersecci\u00f3n de 9 de Julio y Romulo Nah\u00f3n.\u00a0<\/p>\n\n\n\n<p>Las mismas autoras de la Escalera de las Flores comenzaron con el desarrollo de un atractivo similar que comenz\u00f3 a trazarse sobre el espacio ubicado en inmediaciones de las calles 9 de Julio y Romulo Nah\u00f3n, sobre la zona del Nuevo Boulevard.\u00a0<\/p>\n\n\n\n<p>De la mano de las artistas pl\u00e1sticas Mariana Maroli y Mar\u00eda Luz M\u00e9ndez, dieron inicio los trabajos sobre la escalera construida hace poco tiempo y se transformar\u00e1 en un colorido atractivo.&nbsp;<\/p>\n\n\n\n<p>Para esta obra se aplica un sistema similar al de la otra escalera, mosaiquismo, y se han elegido diversas figuras para darle forma en base a distintos colores.<\/p>\n\n\n\n<p>El martes se complet\u00f3 el primer tramo que consta de siete escalones. mientras que en el transcurso de la semana los trabajos continuar\u00e1n con la segunda etapa de la \u00abescalera de colores\u00bb.\u00a0<\/p>\n\n\n\n<p>Fuente: San Pedro Informa<\/p>\n\n\n\n<figure class=\"wp-block-image\"><img decoding=\"async\" width=\"960\" height=\"960\" data-attachment-id=\"60756\" data-permalink=\"https:\/\/eldiariodesanpedro.com.ar\/sitio\/comenzo-la-construccion-de-la-escalera-de-colores\/70686305_10157409790527969_377514718941675520_n\/\" data-orig-file=\"https:\/\/eldiariodesanpedro.com.ar\/sitio\/wp-content\/uploads\/2019\/09\/70686305_10157409790527969_377514718941675520_n.jpg\" data-orig-size=\"960,960\" data-comments-opened=\"1\" data-image-meta=\"{&quot;aperture&quot;:&quot;0&quot;,&quot;credit&quot;:&quot;&quot;,&quot;camera&quot;:&quot;&quot;,&quot;caption&quot;:&quot;&quot;,&quot;created_timestamp&quot;:&quot;0&quot;,&quot;copyright&quot;:&quot;&quot;,&quot;focal_length&quot;:&quot;0&quot;,&quot;iso&quot;:&quot;0&quot;,&quot;shutter_speed&quot;:&quot;0&quot;,&quot;title&quot;:&quot;&quot;,&quot;orientation&quot;:&quot;0&quot;}\" data-image-title=\"70686305_10157409790527969_377514718941675520_n\" data-image-description=\"\" data-image-caption=\"\" data-large-file=\"https:\/\/eldiariodesanpedro.com.ar\/sitio\/wp-content\/uploads\/2019\/09\/70686305_10157409790527969_377514718941675520_n.jpg\" data-src=\"https:\/\/eldiariodesanpedro.com.ar\/sitio\/wp-content\/uploads\/2019\/09\/70686305_10157409790527969_377514718941675520_n.jpg\" alt=\"\" class=\"wp-image-60756 lazyload\" data-srcset=\"https:\/\/eldiariodesanpedro.com.ar\/sitio\/wp-content\/uploads\/2019\/09\/70686305_10157409790527969_377514718941675520_n.jpg 960w, https:\/\/eldiariodesanpedro.com.ar\/sitio\/wp-content\/uploads\/2019\/09\/70686305_10157409790527969_377514718941675520_n-150x150.jpg 150w, https:\/\/eldiariodesanpedro.com.ar\/sitio\/wp-content\/uploads\/2019\/09\/70686305_10157409790527969_377514718941675520_n-300x300.jpg 300w, https:\/\/eldiariodesanpedro.com.ar\/sitio\/wp-content\/uploads\/2019\/09\/70686305_10157409790527969_377514718941675520_n-768x768.jpg 768w\" data-sizes=\"(max-width: 960px) 100vw, 960px\" src=\"data:image\/svg+xml;base64,PHN2ZyB3aWR0aD0iMSIgaGVpZ2h0PSIxIiB4bWxucz0iaHR0cDovL3d3dy53My5vcmcvMjAwMC9zdmciPjwvc3ZnPg==\" style=\"--smush-placeholder-width: 960px; --smush-placeholder-aspect-ratio: 960\/960;\" \/><\/figure>\n","protected":false},"excerpt":{"rendered":"<p>Asi fue denominada por las autoras del proyecto, las artistas pl\u00e1sticas Mariana Maroli y Mar\u00eda Luz M\u00e9ndez. Se encuentra ubicada en la intersecci\u00f3n de 9 de Julio y Romulo Nah\u00f3n.\u00a0 Las mismas autoras de la Escalera de las Flores comenzaron con el desarrollo de un atractivo similar que comenz\u00f3 a trazarse sobre el espacio ubicado [&hellip;]<\/p>\n","protected":false},"author":4,"featured_media":60755,"comment_status":"open","ping_status":"closed","sticky":false,"template":"","format":"standard","meta":{"om_disable_all_campaigns":false,"_jetpack_memberships_contains_paid_content":false,"footnotes":""},"categories":[2],"tags":[],"class_list":["post-60754","post","type-post","status-publish","format-standard","has-post-thumbnail","hentry","category-locales"],"aioseo_notices":[],"gutentor_comment":0,"jetpack_featured_media_url":"https:\/\/eldiariodesanpedro.com.ar\/sitio\/wp-content\/uploads\/2019\/09\/000080014.jpg","jetpack_shortlink":"https:\/\/wp.me\/p6RhLt-fNU","jetpack_sharing_enabled":true,"_links":{"self":[{"href":"https:\/\/eldiariodesanpedro.com.ar\/sitio\/wp-json\/wp\/v2\/posts\/60754","targetHints":{"allow":["GET"]}}],"collection":[{"href":"https:\/\/eldiariodesanpedro.com.ar\/sitio\/wp-json\/wp\/v2\/posts"}],"about":[{"href":"https:\/\/eldiariodesanpedro.com.ar\/sitio\/wp-json\/wp\/v2\/types\/post"}],"author":[{"embeddable":true,"href":"https:\/\/eldiariodesanpedro.com.ar\/sitio\/wp-json\/wp\/v2\/users\/4"}],"replies":[{"embeddable":true,"href":"https:\/\/eldiariodesanpedro.com.ar\/sitio\/wp-json\/wp\/v2\/comments?post=60754"}],"version-history":[{"count":1,"href":"https:\/\/eldiariodesanpedro.com.ar\/sitio\/wp-json\/wp\/v2\/posts\/60754\/revisions"}],"predecessor-version":[{"id":60757,"href":"https:\/\/eldiariodesanpedro.com.ar\/sitio\/wp-json\/wp\/v2\/posts\/60754\/revisions\/60757"}],"wp:featuredmedia":[{"embeddable":true,"href":"https:\/\/eldiariodesanpedro.com.ar\/sitio\/wp-json\/wp\/v2\/media\/60755"}],"wp:attachment":[{"href":"https:\/\/eldiariodesanpedro.com.ar\/sitio\/wp-json\/wp\/v2\/media?parent=60754"}],"wp:term":[{"taxonomy":"category","embeddable":true,"href":"https:\/\/eldiariodesanpedro.com.ar\/sitio\/wp-json\/wp\/v2\/categories?post=60754"},{"taxonomy":"post_tag","embeddable":true,"href":"https:\/\/eldiariodesanpedro.com.ar\/sitio\/wp-json\/wp\/v2\/tags?post=60754"}],"curies":[{"name":"wp","href":"https:\/\/api.w.org\/{rel}","templated":true}]}}