{"id":60753,"date":"2019-09-26T10:18:21","date_gmt":"2019-09-26T13:18:21","guid":{"rendered":"https:\/\/eldiariodesanpedro.com.ar\/sitio\/?p=60753"},"modified":"2019-09-26T10:18:25","modified_gmt":"2019-09-26T13:18:25","slug":"allanamiento-y-esclarecimiento-de-hurto","status":"publish","type":"post","link":"https:\/\/eldiariodesanpedro.com.ar\/sitio\/allanamiento-y-esclarecimiento-de-hurto\/","title":{"rendered":"Allanamiento y esclarecimiento de hurto"},"content":{"rendered":"<!-- VideographyWP Plugin Message: Automatic video embedding prevented by plugin options. -->\n\n<p>En horas de la tarde personal del Gabinete Criminol\u00f3gico junto a personal de la  DDI -San Pedro, tras averiguaciones realizadas y datos recogidos se logr\u00f3 establecer la participaci\u00f3n en la autor\u00eda de un masculino de 24 a\u00f1os de edad, de frondosos antecedentes. <\/p>\n\n\n\n<p>Extendida la solicitud de allanamiento para su domicilio sito en calle Rivadavia al 1500 diligenciado; se logro el  secuestro del elemento de inter\u00e9s (alhajas varias).<\/p>\n\n\n\n<p> El hecho hab\u00eda sido denunciado hace una  semana atr\u00e1s cuando un delincuente ingresaran al domicilio de calle Olivera Cesar,  radio c\u00e9ntrico, en ausencia de moradores y sustrajeran alhajas y otros efectos.<\/p>\n\n\n\n<p>Con respecto del sujeto investigado fue identificado en la causa judicial. Los efectos restan ser exhibidos al denunciante. Interviene la fiscalia local.\u00a0\u00a0\u00a0\u00a0<br><\/p>\n","protected":false},"excerpt":{"rendered":"<p>En horas de la tarde personal del Gabinete Criminol\u00f3gico junto a personal de la DDI -San Pedro, tras averiguaciones realizadas y datos recogidos se logr\u00f3 establecer la participaci\u00f3n en la autor\u00eda de un masculino de 24 a\u00f1os de edad, de frondosos antecedentes. Extendida la solicitud de allanamiento para su domicilio sito en calle Rivadavia al [&hellip;]<\/p>\n","protected":false},"author":4,"featured_media":35887,"comment_status":"open","ping_status":"closed","sticky":false,"template":"","format":"standard","meta":{"om_disable_all_campaigns":false,"_jetpack_memberships_contains_paid_content":false,"footnotes":""},"categories":[2,103],"tags":[],"class_list":["post-60753","post","type-post","status-publish","format-standard","has-post-thumbnail","hentry","category-locales","category-policiales-locales"],"aioseo_notices":[],"gutentor_comment":0,"jetpack_featured_media_url":"https:\/\/eldiariodesanpedro.com.ar\/sitio\/wp-content\/uploads\/2018\/07\/policia002-850x450.jpg","jetpack_shortlink":"https:\/\/wp.me\/p6RhLt-fNT","jetpack_sharing_enabled":true,"_links":{"self":[{"href":"https:\/\/eldiariodesanpedro.com.ar\/sitio\/wp-json\/wp\/v2\/posts\/60753","targetHints":{"allow":["GET"]}}],"collection":[{"href":"https:\/\/eldiariodesanpedro.com.ar\/sitio\/wp-json\/wp\/v2\/posts"}],"about":[{"href":"https:\/\/eldiariodesanpedro.com.ar\/sitio\/wp-json\/wp\/v2\/types\/post"}],"author":[{"embeddable":true,"href":"https:\/\/eldiariodesanpedro.com.ar\/sitio\/wp-json\/wp\/v2\/users\/4"}],"replies":[{"embeddable":true,"href":"https:\/\/eldiariodesanpedro.com.ar\/sitio\/wp-json\/wp\/v2\/comments?post=60753"}],"version-history":[{"count":1,"href":"https:\/\/eldiariodesanpedro.com.ar\/sitio\/wp-json\/wp\/v2\/posts\/60753\/revisions"}],"predecessor-version":[{"id":60761,"href":"https:\/\/eldiariodesanpedro.com.ar\/sitio\/wp-json\/wp\/v2\/posts\/60753\/revisions\/60761"}],"wp:featuredmedia":[{"embeddable":true,"href":"https:\/\/eldiariodesanpedro.com.ar\/sitio\/wp-json\/wp\/v2\/media\/35887"}],"wp:attachment":[{"href":"https:\/\/eldiariodesanpedro.com.ar\/sitio\/wp-json\/wp\/v2\/media?parent=60753"}],"wp:term":[{"taxonomy":"category","embeddable":true,"href":"https:\/\/eldiariodesanpedro.com.ar\/sitio\/wp-json\/wp\/v2\/categories?post=60753"},{"taxonomy":"post_tag","embeddable":true,"href":"https:\/\/eldiariodesanpedro.com.ar\/sitio\/wp-json\/wp\/v2\/tags?post=60753"}],"curies":[{"name":"wp","href":"https:\/\/api.w.org\/{rel}","templated":true}]}}