{"id":60750,"date":"2019-09-26T09:54:56","date_gmt":"2019-09-26T12:54:56","guid":{"rendered":"https:\/\/eldiariodesanpedro.com.ar\/sitio\/?p=60750"},"modified":"2019-09-26T09:55:00","modified_gmt":"2019-09-26T12:55:00","slug":"se-recuperaron-en-allanamiento-plantines-de-citricos","status":"publish","type":"post","link":"https:\/\/eldiariodesanpedro.com.ar\/sitio\/se-recuperaron-en-allanamiento-plantines-de-citricos\/","title":{"rendered":"Se recuperaron en allanamiento plantines de c\u00edtricos"},"content":{"rendered":"<!-- VideographyWP Plugin Message: Automatic video embedding prevented by plugin options. -->\n\n<p>Personal de comisaria junto a DDI  diligenciaron allanamiento extendido por la justicia en calle Davila al 1100 , logrando recuperar varias plantas de c\u00edtricas sustra\u00eddas de un vivero hace d\u00edas atr\u00e1s.<\/p>\n\n\n\n<p>En relaci\u00f3n a un hecho de robo que se investigaba con intervenci\u00f3n de la fiscal\u00eda local del cual no se hab\u00edan brindado detalles, por la tarde del mi\u00e9rcoles personal del Gabinete Criminoligico de la comisaria junto a personal de la DDI San Pedro-Baradero diligenciaron un allanamiento extendido por la justicia en calle Davila al 1100, <\/p>\n\n\n\n<p>En el domicilio se logro el secuestro de plantines de c\u00edtricos buscados. <\/p>\n\n\n\n<p>Con respecto del morador una persona de 57 a\u00f1os de edad, se cumplieron recaudos legales. <\/p>\n\n\n\n<p>El hecho hab\u00eda sido denunciado el 24 del corriente,\u00a0\u00a0donde tras violentar cerco los hab\u00edan sustra\u00eddo de vivero de calle Lucio Mansilla al 1000. <\/p>\n\n\n\n<p>Las plantas secuestradas fueron reconocidas por la denunciante. <\/p>\n\n\n\n<figure class=\"wp-block-image\"><img decoding=\"async\" width=\"768\" height=\"1024\" data-attachment-id=\"60751\" data-permalink=\"https:\/\/eldiariodesanpedro.com.ar\/sitio\/se-recuperaron-en-allanamiento-plantines-de-citricos\/whatsapp-image-2019-09-26-at-9-37-47-am\/\" data-orig-file=\"https:\/\/eldiariodesanpedro.com.ar\/sitio\/wp-content\/uploads\/2019\/09\/WhatsApp-Image-2019-09-26-at-9.37.47-AM.jpeg\" data-orig-size=\"960,1280\" data-comments-opened=\"1\" data-image-meta=\"{&quot;aperture&quot;:&quot;0&quot;,&quot;credit&quot;:&quot;&quot;,&quot;camera&quot;:&quot;&quot;,&quot;caption&quot;:&quot;&quot;,&quot;created_timestamp&quot;:&quot;0&quot;,&quot;copyright&quot;:&quot;&quot;,&quot;focal_length&quot;:&quot;0&quot;,&quot;iso&quot;:&quot;0&quot;,&quot;shutter_speed&quot;:&quot;0&quot;,&quot;title&quot;:&quot;&quot;,&quot;orientation&quot;:&quot;0&quot;}\" data-image-title=\"WhatsApp Image 2019-09-26 at 9.37.47 AM\" data-image-description=\"\" data-image-caption=\"\" data-large-file=\"https:\/\/eldiariodesanpedro.com.ar\/sitio\/wp-content\/uploads\/2019\/09\/WhatsApp-Image-2019-09-26-at-9.37.47-AM-768x1024.jpeg\" data-src=\"https:\/\/eldiariodesanpedro.com.ar\/sitio\/wp-content\/uploads\/2019\/09\/WhatsApp-Image-2019-09-26-at-9.37.47-AM-768x1024.jpeg\" alt=\"\" class=\"wp-image-60751 lazyload\" data-srcset=\"https:\/\/eldiariodesanpedro.com.ar\/sitio\/wp-content\/uploads\/2019\/09\/WhatsApp-Image-2019-09-26-at-9.37.47-AM-768x1024.jpeg 768w, https:\/\/eldiariodesanpedro.com.ar\/sitio\/wp-content\/uploads\/2019\/09\/WhatsApp-Image-2019-09-26-at-9.37.47-AM-225x300.jpeg 225w, https:\/\/eldiariodesanpedro.com.ar\/sitio\/wp-content\/uploads\/2019\/09\/WhatsApp-Image-2019-09-26-at-9.37.47-AM.jpeg 960w\" data-sizes=\"(max-width: 768px) 100vw, 768px\" src=\"data:image\/svg+xml;base64,PHN2ZyB3aWR0aD0iMSIgaGVpZ2h0PSIxIiB4bWxucz0iaHR0cDovL3d3dy53My5vcmcvMjAwMC9zdmciPjwvc3ZnPg==\" style=\"--smush-placeholder-width: 768px; --smush-placeholder-aspect-ratio: 768\/1024;\" \/><\/figure>\n","protected":false},"excerpt":{"rendered":"<p>Personal de comisaria junto a DDI diligenciaron allanamiento extendido por la justicia en calle Davila al 1100 , logrando recuperar varias plantas de c\u00edtricas sustra\u00eddas de un vivero hace d\u00edas atr\u00e1s. En relaci\u00f3n a un hecho de robo que se investigaba con intervenci\u00f3n de la fiscal\u00eda local del cual no se hab\u00edan brindado detalles, por [&hellip;]<\/p>\n","protected":false},"author":4,"featured_media":60751,"comment_status":"open","ping_status":"closed","sticky":false,"template":"","format":"standard","meta":{"om_disable_all_campaigns":false,"_jetpack_memberships_contains_paid_content":false,"footnotes":""},"categories":[2,103],"tags":[],"class_list":["post-60750","post","type-post","status-publish","format-standard","has-post-thumbnail","hentry","category-locales","category-policiales-locales"],"aioseo_notices":[],"gutentor_comment":0,"jetpack_featured_media_url":"https:\/\/eldiariodesanpedro.com.ar\/sitio\/wp-content\/uploads\/2019\/09\/WhatsApp-Image-2019-09-26-at-9.37.47-AM.jpeg","jetpack_shortlink":"https:\/\/wp.me\/p6RhLt-fNQ","jetpack_sharing_enabled":true,"_links":{"self":[{"href":"https:\/\/eldiariodesanpedro.com.ar\/sitio\/wp-json\/wp\/v2\/posts\/60750","targetHints":{"allow":["GET"]}}],"collection":[{"href":"https:\/\/eldiariodesanpedro.com.ar\/sitio\/wp-json\/wp\/v2\/posts"}],"about":[{"href":"https:\/\/eldiariodesanpedro.com.ar\/sitio\/wp-json\/wp\/v2\/types\/post"}],"author":[{"embeddable":true,"href":"https:\/\/eldiariodesanpedro.com.ar\/sitio\/wp-json\/wp\/v2\/users\/4"}],"replies":[{"embeddable":true,"href":"https:\/\/eldiariodesanpedro.com.ar\/sitio\/wp-json\/wp\/v2\/comments?post=60750"}],"version-history":[{"count":1,"href":"https:\/\/eldiariodesanpedro.com.ar\/sitio\/wp-json\/wp\/v2\/posts\/60750\/revisions"}],"predecessor-version":[{"id":60752,"href":"https:\/\/eldiariodesanpedro.com.ar\/sitio\/wp-json\/wp\/v2\/posts\/60750\/revisions\/60752"}],"wp:featuredmedia":[{"embeddable":true,"href":"https:\/\/eldiariodesanpedro.com.ar\/sitio\/wp-json\/wp\/v2\/media\/60751"}],"wp:attachment":[{"href":"https:\/\/eldiariodesanpedro.com.ar\/sitio\/wp-json\/wp\/v2\/media?parent=60750"}],"wp:term":[{"taxonomy":"category","embeddable":true,"href":"https:\/\/eldiariodesanpedro.com.ar\/sitio\/wp-json\/wp\/v2\/categories?post=60750"},{"taxonomy":"post_tag","embeddable":true,"href":"https:\/\/eldiariodesanpedro.com.ar\/sitio\/wp-json\/wp\/v2\/tags?post=60750"}],"curies":[{"name":"wp","href":"https:\/\/api.w.org\/{rel}","templated":true}]}}