{"id":60748,"date":"2019-09-26T09:47:42","date_gmt":"2019-09-26T12:47:42","guid":{"rendered":"https:\/\/eldiariodesanpedro.com.ar\/sitio\/?p=60748"},"modified":"2019-09-26T09:47:47","modified_gmt":"2019-09-26T12:47:47","slug":"varios-aprehendidos-en-operativo-policial","status":"publish","type":"post","link":"https:\/\/eldiariodesanpedro.com.ar\/sitio\/varios-aprehendidos-en-operativo-policial\/","title":{"rendered":"Varios aprehendidos en operativo policial"},"content":{"rendered":"<!-- VideographyWP Plugin Message: Automatic video embedding prevented by plugin options. -->\n\n<p>Por la tarde de este mi\u00e9rcoles en el marco de distintos operativos policiales en nuestra ciudad, hubo varios aprehendidos por paradero activo y tenencia de estupefacientes.<\/p>\n\n\n\n<p>Personal policial procedi\u00f3 a realizar operativo dispuesto por la superioridad en intersecci\u00f3n de las calles:<\/p>\n\n\n\n<p>Lavalle y Callejon Moreira, un masculino de 36 a\u00f1os de edad, aprehendido por registrar pedido de paradero activo, en causa judicial caratula encubrimiento agravado por delito grave, a requerimiento de la fiscal\u00eda local.<\/p>\n\n\n\n<p>\u00a0En calle Belgrano y Petrona Simonino se aprehende a un masculino de 34, quien registra pedido de paradero activo en causa judicial, magistrado interviniente Juzg. Correccional 1 San Nicol\u00e1s.<\/p>\n\n\n\n<p>En Auli y Bottaro ciudad aprehende a masculino (19), secuestr\u00e1ndose envoltorio nylon sustancia vegetal compactada s\u00edmil marihuana, infracci\u00f3n a la Ley 23737.<\/p>\n\n\n\n<p><\/p>\n","protected":false},"excerpt":{"rendered":"<p>Por la tarde de este mi\u00e9rcoles en el marco de distintos operativos policiales en nuestra ciudad, hubo varios aprehendidos por paradero activo y tenencia de estupefacientes. Personal policial procedi\u00f3 a realizar operativo dispuesto por la superioridad en intersecci\u00f3n de las calles: Lavalle y Callejon Moreira, un masculino de 36 a\u00f1os de edad, aprehendido por registrar [&hellip;]<\/p>\n","protected":false},"author":4,"featured_media":58532,"comment_status":"open","ping_status":"closed","sticky":false,"template":"","format":"standard","meta":{"om_disable_all_campaigns":false,"_jetpack_memberships_contains_paid_content":false,"footnotes":""},"categories":[2,103],"tags":[],"class_list":["post-60748","post","type-post","status-publish","format-standard","has-post-thumbnail","hentry","category-locales","category-policiales-locales"],"aioseo_notices":[],"gutentor_comment":0,"jetpack_featured_media_url":"https:\/\/eldiariodesanpedro.com.ar\/sitio\/wp-content\/uploads\/2019\/08\/policia_detenido06.jpg","jetpack_shortlink":"https:\/\/wp.me\/p6RhLt-fNO","jetpack_sharing_enabled":true,"_links":{"self":[{"href":"https:\/\/eldiariodesanpedro.com.ar\/sitio\/wp-json\/wp\/v2\/posts\/60748","targetHints":{"allow":["GET"]}}],"collection":[{"href":"https:\/\/eldiariodesanpedro.com.ar\/sitio\/wp-json\/wp\/v2\/posts"}],"about":[{"href":"https:\/\/eldiariodesanpedro.com.ar\/sitio\/wp-json\/wp\/v2\/types\/post"}],"author":[{"embeddable":true,"href":"https:\/\/eldiariodesanpedro.com.ar\/sitio\/wp-json\/wp\/v2\/users\/4"}],"replies":[{"embeddable":true,"href":"https:\/\/eldiariodesanpedro.com.ar\/sitio\/wp-json\/wp\/v2\/comments?post=60748"}],"version-history":[{"count":1,"href":"https:\/\/eldiariodesanpedro.com.ar\/sitio\/wp-json\/wp\/v2\/posts\/60748\/revisions"}],"predecessor-version":[{"id":60749,"href":"https:\/\/eldiariodesanpedro.com.ar\/sitio\/wp-json\/wp\/v2\/posts\/60748\/revisions\/60749"}],"wp:featuredmedia":[{"embeddable":true,"href":"https:\/\/eldiariodesanpedro.com.ar\/sitio\/wp-json\/wp\/v2\/media\/58532"}],"wp:attachment":[{"href":"https:\/\/eldiariodesanpedro.com.ar\/sitio\/wp-json\/wp\/v2\/media?parent=60748"}],"wp:term":[{"taxonomy":"category","embeddable":true,"href":"https:\/\/eldiariodesanpedro.com.ar\/sitio\/wp-json\/wp\/v2\/categories?post=60748"},{"taxonomy":"post_tag","embeddable":true,"href":"https:\/\/eldiariodesanpedro.com.ar\/sitio\/wp-json\/wp\/v2\/tags?post=60748"}],"curies":[{"name":"wp","href":"https:\/\/api.w.org\/{rel}","templated":true}]}}