{"id":60745,"date":"2019-09-26T09:32:50","date_gmt":"2019-09-26T12:32:50","guid":{"rendered":"https:\/\/eldiariodesanpedro.com.ar\/sitio\/?p=60745"},"modified":"2019-09-26T09:32:54","modified_gmt":"2019-09-26T12:32:54","slug":"el-museo-paleontologico-tuvo-la-visita-de-profesionales-del-museo-argentino-de-ciencias-naturales","status":"publish","type":"post","link":"https:\/\/eldiariodesanpedro.com.ar\/sitio\/el-museo-paleontologico-tuvo-la-visita-de-profesionales-del-museo-argentino-de-ciencias-naturales\/","title":{"rendered":"El Museo Paleontologico tuvo la visita de profesionales del Museo Argentino de Ciencias Naturales"},"content":{"rendered":"<!-- VideographyWP Plugin Message: Automatic video embedding prevented by plugin options. -->\n\n<p>Este mi\u00e9rcoles los Dres. Federico Agnolin y Nicol\u00e1s Roberto Chimento junto  al Lic. Mauro Aranciaga Rolando visitaron el Museo Paleontologico y analizaron materiales del mismo. Tambi\u00e9n recorrieron  el yacimiento de campo Sp\u00f3sito y las canteras Mocoret\u00e1 y Agus-Mar, de la familia Iglesias.<\/p>\n\n\n\n<p>Desde el Museo enviaron un comunicado agradeciendo su visita: <\/p>\n\n\n\n<p>\u00abAgradecemos la visita y an\u00e1lisis de materiales del Museo Paleontol\u00f3gico de San Pedro a los Dres. Federico Agnolin y Nicol\u00e1s Roberto Chimento y al Lic. Mauro Aranciaga Rolando. Profesionales del Laboratorio de Anatom\u00eda Comparada del Museo Argentino de Ciencias Naturales.<br> Recibidos por David Tettamanti, Jorge Mart\u00ednez, Julio Simonini y Jos\u00e9 Luis Aguilar, del Grupo Conservacionista de F\u00f3siles de San Pedro. Se recorri\u00f3 el yacimiento de campo Sp\u00f3sito y las canteras Mocoret\u00e1 y Agus-Mar, de la familia Iglesias.<br>Se analizaron f\u00f3siles de roedores, peces y del c\u00f3ndor gigante hallado en el campo de la empresa Ram\u00f3n Rosa. Todos materiales con potencial para pr\u00f3ximas publicaciones cient\u00edficas\u00bb.<\/p>\n","protected":false},"excerpt":{"rendered":"<p>Este mi\u00e9rcoles los Dres. Federico Agnolin y Nicol\u00e1s Roberto Chimento junto al Lic. Mauro Aranciaga Rolando visitaron el Museo Paleontologico y analizaron materiales del mismo. Tambi\u00e9n recorrieron el yacimiento de campo Sp\u00f3sito y las canteras Mocoret\u00e1 y Agus-Mar, de la familia Iglesias. Desde el Museo enviaron un comunicado agradeciendo su visita: \u00abAgradecemos la visita y [&hellip;]<\/p>\n","protected":false},"author":4,"featured_media":60746,"comment_status":"open","ping_status":"closed","sticky":false,"template":"","format":"standard","meta":{"om_disable_all_campaigns":false,"_jetpack_memberships_contains_paid_content":false,"footnotes":""},"categories":[101,2],"tags":[],"class_list":["post-60745","post","type-post","status-publish","format-standard","has-post-thumbnail","hentry","category-interes-general-locales","category-locales"],"aioseo_notices":[],"gutentor_comment":0,"jetpack_featured_media_url":"https:\/\/eldiariodesanpedro.com.ar\/sitio\/wp-content\/uploads\/2019\/09\/WhatsApp-Image-2019-09-26-at-8.48.09-AM.jpeg","jetpack_shortlink":"https:\/\/wp.me\/p6RhLt-fNL","jetpack_sharing_enabled":true,"_links":{"self":[{"href":"https:\/\/eldiariodesanpedro.com.ar\/sitio\/wp-json\/wp\/v2\/posts\/60745","targetHints":{"allow":["GET"]}}],"collection":[{"href":"https:\/\/eldiariodesanpedro.com.ar\/sitio\/wp-json\/wp\/v2\/posts"}],"about":[{"href":"https:\/\/eldiariodesanpedro.com.ar\/sitio\/wp-json\/wp\/v2\/types\/post"}],"author":[{"embeddable":true,"href":"https:\/\/eldiariodesanpedro.com.ar\/sitio\/wp-json\/wp\/v2\/users\/4"}],"replies":[{"embeddable":true,"href":"https:\/\/eldiariodesanpedro.com.ar\/sitio\/wp-json\/wp\/v2\/comments?post=60745"}],"version-history":[{"count":1,"href":"https:\/\/eldiariodesanpedro.com.ar\/sitio\/wp-json\/wp\/v2\/posts\/60745\/revisions"}],"predecessor-version":[{"id":60747,"href":"https:\/\/eldiariodesanpedro.com.ar\/sitio\/wp-json\/wp\/v2\/posts\/60745\/revisions\/60747"}],"wp:featuredmedia":[{"embeddable":true,"href":"https:\/\/eldiariodesanpedro.com.ar\/sitio\/wp-json\/wp\/v2\/media\/60746"}],"wp:attachment":[{"href":"https:\/\/eldiariodesanpedro.com.ar\/sitio\/wp-json\/wp\/v2\/media?parent=60745"}],"wp:term":[{"taxonomy":"category","embeddable":true,"href":"https:\/\/eldiariodesanpedro.com.ar\/sitio\/wp-json\/wp\/v2\/categories?post=60745"},{"taxonomy":"post_tag","embeddable":true,"href":"https:\/\/eldiariodesanpedro.com.ar\/sitio\/wp-json\/wp\/v2\/tags?post=60745"}],"curies":[{"name":"wp","href":"https:\/\/api.w.org\/{rel}","templated":true}]}}