{"id":60741,"date":"2019-09-26T09:18:55","date_gmt":"2019-09-26T12:18:55","guid":{"rendered":"https:\/\/eldiariodesanpedro.com.ar\/sitio\/?p=60741"},"modified":"2019-09-26T09:18:59","modified_gmt":"2019-09-26T12:18:59","slug":"hoy-el-festival-country-comienza-a-vivir-su-fiesta","status":"publish","type":"post","link":"https:\/\/eldiariodesanpedro.com.ar\/sitio\/hoy-el-festival-country-comienza-a-vivir-su-fiesta\/","title":{"rendered":"Hoy el Festival Country comienza a vivir su fiesta"},"content":{"rendered":"<!-- VideographyWP Plugin Message: Automatic video embedding prevented by plugin options. -->\n\n<p>Este jueves comienza la 16 edici\u00f3n del \u00abSan Pedro Country Music Festival\u00bb, el evento m\u00e1s grande de Latinoam\u00e9rica en su g\u00e9nero. Hoy tendr\u00e1 su primera fiesta mas grande, por primera vez tenemos 4 d\u00edas para disfrutar de su m\u00fasica.<\/p>\n\n\n\n<p>El gran evento se realiza en el Paseo Publico Municipal, ser\u00e1n 85 shows que pasaran por el escenario, desde hoy hasta el domingo la fiesta permitir\u00e1 disfrutar en familia y amigos, con sombreros y bailes t\u00edpicos de este tradicional festival.<\/p>\n\n\n\n<p>Sera una larga jornada, la primera comenzar\u00e1 a las 14.30, con la actuaci\u00f3n del joven guitarrista y armoniquista Mariano Villano.<\/p>\n\n\n\n<p>El organizador Gustavo Laurino hablo con medios de comunicacion desde el predio y cont\u00f3, \u00abestamos mas tranquilos que otros a\u00f1os con respecto al clima, prepar\u00e1ndonos con todo, vamos a probar el escenario, hoy es un d\u00eda espectacular, a partir de las 11 y 30 ya vamos a tener todo listo\u00bb<\/p>\n\n\n\n<p>\u00abHace varios d\u00edas que empezamos con el mantenimiento del paseo, se trabaja mucho para que en un solo d\u00eda podamos  armar todo junto, el sonido, la estructura del escenario, etc. Hoy arrancamos con el escenario a las 14 y hasta el domingo no paramos!!\u00bb.<\/p>\n\n\n\n<p>\u00abLa gente de mi equipo es la misma de siempre, somos poquitos, conocemos la fiesta, hay muchas cuestiones de log\u00edstica que vamos charlando mucho antes, tenemos que estar preparados, es la primera vez que hacemos un jueves, que agregamos un d\u00eda mas, son 4 d\u00edas para disfrutar, y el ultimo d\u00eda a la ma\u00f1ana, vamos hacer una coreograf\u00eda en la escalera de la flores, vamos armar un sonido ah\u00ed, va a ser algo hermoso\u00bb, finalizo.<\/p>\n\n\n\n<p>Eduardo Rolleri, Secretario de Seguridad, tambi\u00e9n brindo detalles con respecto al operativo de seguridad que se brindara los 4 d\u00edas, \u00abya tenemos armado el campamento, vamos a estar con salud y turismo, ya tenemos los inspectores manejando el tr\u00e1nsito, va a ver mucha presencia policial, la gente de bromatologia por las carpas de comida trabajando en el lugar\u00bb <\/p>\n\n\n\n<p>\u00abEl transito solo se va a cortar el domingo por la ma\u00f1ana, la calle de la costanera y luego se va a cortar una calle interna, despu\u00e9s toda la vuelta al paseo va a estar habilitada\u00bb<\/p>\n\n\n\n<p>\u00abSalud tendr\u00e1 un puesto sanitario, mas una ambulancia y el domingo por el ser el d\u00eda mundial del coraz\u00f3n se van a estar haciendo controles aprovechando la jornada\u00bb.<\/p>\n\n\n\n<p>Grilla Jueves:<\/p>\n\n\n\n<figure class=\"wp-block-image\"><img decoding=\"async\" width=\"940\" height=\"788\" data-attachment-id=\"60743\" data-permalink=\"https:\/\/eldiariodesanpedro.com.ar\/sitio\/hoy-el-festival-country-comienza-a-vivir-su-fiesta\/whatsapp-image-2019-09-26-at-8-02-47-am\/\" data-orig-file=\"https:\/\/eldiariodesanpedro.com.ar\/sitio\/wp-content\/uploads\/2019\/09\/WhatsApp-Image-2019-09-26-at-8.02.47-AM.jpeg\" data-orig-size=\"940,788\" data-comments-opened=\"1\" data-image-meta=\"{&quot;aperture&quot;:&quot;0&quot;,&quot;credit&quot;:&quot;&quot;,&quot;camera&quot;:&quot;&quot;,&quot;caption&quot;:&quot;&quot;,&quot;created_timestamp&quot;:&quot;0&quot;,&quot;copyright&quot;:&quot;&quot;,&quot;focal_length&quot;:&quot;0&quot;,&quot;iso&quot;:&quot;0&quot;,&quot;shutter_speed&quot;:&quot;0&quot;,&quot;title&quot;:&quot;&quot;,&quot;orientation&quot;:&quot;0&quot;}\" data-image-title=\"WhatsApp Image 2019-09-26 at 8.02.47 AM\" data-image-description=\"\" data-image-caption=\"\" data-large-file=\"https:\/\/eldiariodesanpedro.com.ar\/sitio\/wp-content\/uploads\/2019\/09\/WhatsApp-Image-2019-09-26-at-8.02.47-AM.jpeg\" data-src=\"https:\/\/eldiariodesanpedro.com.ar\/sitio\/wp-content\/uploads\/2019\/09\/WhatsApp-Image-2019-09-26-at-8.02.47-AM.jpeg\" alt=\"\" class=\"wp-image-60743 lazyload\" data-srcset=\"https:\/\/eldiariodesanpedro.com.ar\/sitio\/wp-content\/uploads\/2019\/09\/WhatsApp-Image-2019-09-26-at-8.02.47-AM.jpeg 940w, https:\/\/eldiariodesanpedro.com.ar\/sitio\/wp-content\/uploads\/2019\/09\/WhatsApp-Image-2019-09-26-at-8.02.47-AM-300x251.jpeg 300w, https:\/\/eldiariodesanpedro.com.ar\/sitio\/wp-content\/uploads\/2019\/09\/WhatsApp-Image-2019-09-26-at-8.02.47-AM-768x644.jpeg 768w\" data-sizes=\"(max-width: 940px) 100vw, 940px\" src=\"data:image\/svg+xml;base64,PHN2ZyB3aWR0aD0iMSIgaGVpZ2h0PSIxIiB4bWxucz0iaHR0cDovL3d3dy53My5vcmcvMjAwMC9zdmciPjwvc3ZnPg==\" style=\"--smush-placeholder-width: 940px; --smush-placeholder-aspect-ratio: 940\/788;\" \/><\/figure>\n","protected":false},"excerpt":{"rendered":"<p>Este jueves comienza la 16 edici\u00f3n del \u00abSan Pedro Country Music Festival\u00bb, el evento m\u00e1s grande de Latinoam\u00e9rica en su g\u00e9nero. Hoy tendr\u00e1 su primera fiesta mas grande, por primera vez tenemos 4 d\u00edas para disfrutar de su m\u00fasica. El gran evento se realiza en el Paseo Publico Municipal, ser\u00e1n 85 shows que pasaran por [&hellip;]<\/p>\n","protected":false},"author":4,"featured_media":60742,"comment_status":"open","ping_status":"closed","sticky":false,"template":"","format":"standard","meta":{"om_disable_all_campaigns":false,"_jetpack_memberships_contains_paid_content":false,"footnotes":""},"categories":[50,101,2],"tags":[],"class_list":["post-60741","post","type-post","status-publish","format-standard","has-post-thumbnail","hentry","category-destacadas","category-interes-general-locales","category-locales"],"aioseo_notices":[],"gutentor_comment":0,"jetpack_featured_media_url":"https:\/\/eldiariodesanpedro.com.ar\/sitio\/wp-content\/uploads\/2019\/09\/WhatsApp-Image-2019-09-26-at-8.02.46-AM.jpeg","jetpack_shortlink":"https:\/\/wp.me\/p6RhLt-fNH","jetpack_sharing_enabled":true,"_links":{"self":[{"href":"https:\/\/eldiariodesanpedro.com.ar\/sitio\/wp-json\/wp\/v2\/posts\/60741","targetHints":{"allow":["GET"]}}],"collection":[{"href":"https:\/\/eldiariodesanpedro.com.ar\/sitio\/wp-json\/wp\/v2\/posts"}],"about":[{"href":"https:\/\/eldiariodesanpedro.com.ar\/sitio\/wp-json\/wp\/v2\/types\/post"}],"author":[{"embeddable":true,"href":"https:\/\/eldiariodesanpedro.com.ar\/sitio\/wp-json\/wp\/v2\/users\/4"}],"replies":[{"embeddable":true,"href":"https:\/\/eldiariodesanpedro.com.ar\/sitio\/wp-json\/wp\/v2\/comments?post=60741"}],"version-history":[{"count":1,"href":"https:\/\/eldiariodesanpedro.com.ar\/sitio\/wp-json\/wp\/v2\/posts\/60741\/revisions"}],"predecessor-version":[{"id":60744,"href":"https:\/\/eldiariodesanpedro.com.ar\/sitio\/wp-json\/wp\/v2\/posts\/60741\/revisions\/60744"}],"wp:featuredmedia":[{"embeddable":true,"href":"https:\/\/eldiariodesanpedro.com.ar\/sitio\/wp-json\/wp\/v2\/media\/60742"}],"wp:attachment":[{"href":"https:\/\/eldiariodesanpedro.com.ar\/sitio\/wp-json\/wp\/v2\/media?parent=60741"}],"wp:term":[{"taxonomy":"category","embeddable":true,"href":"https:\/\/eldiariodesanpedro.com.ar\/sitio\/wp-json\/wp\/v2\/categories?post=60741"},{"taxonomy":"post_tag","embeddable":true,"href":"https:\/\/eldiariodesanpedro.com.ar\/sitio\/wp-json\/wp\/v2\/tags?post=60741"}],"curies":[{"name":"wp","href":"https:\/\/api.w.org\/{rel}","templated":true}]}}