{"id":6074,"date":"2016-07-17T19:50:55","date_gmt":"2016-07-17T22:50:55","guid":{"rendered":"https:\/\/eldiariodesanpedro.com.ar\/sitio\/?p=6074"},"modified":"2016-07-17T19:50:55","modified_gmt":"2016-07-17T22:50:55","slug":"preocupante-agreden-a-un-docente-por-dia-en-la-provincia-de-buenos-aires","status":"publish","type":"post","link":"https:\/\/eldiariodesanpedro.com.ar\/sitio\/preocupante-agreden-a-un-docente-por-dia-en-la-provincia-de-buenos-aires\/","title":{"rendered":"Preocupante: Agreden a un docente por d\u00eda en la provincia de Buenos Aires"},"content":{"rendered":"<p><!-- VideographyWP Plugin Message: Automatic video embedding prevented by plugin options. --><br \/>\nUn docente por d\u00eda es v\u00edctima de agresiones verbales en la provincia de Buenos Aires, mientras que se registran entre dos y tres episodios de violencia f\u00edsica hacia educadores semanalmente, seg\u00fan los datos preliminares de un informe realizado por la Federaci\u00f3n de Educadores Bonaerenses (FEB) en consonancia con el proyecto presentado por el ejecutivo bonaerense, que busca multas econ\u00f3micas y penas de prisi\u00f3n para padres u otros familiares de alumnos que agredan maestros.<br \/>\nLa titular de ese gremio, Mirta Petroccini, explic\u00f3 que \u00abesos son los primeros resultados que surgen del &#8216;Informe Sobre Violencia Hacia Docentes: Razones y Causales&#8217; que presentaremos en los pr\u00f3ximos d\u00edas; se trata de un relevamiento realizado en noventa distritos con distintos docentes de diferentes escuelas\u00bb.<br \/>\nEl trabajo determin\u00f3, seg\u00fan la sindicalista, que \u00ablas agresiones f\u00edsicas que los docentes padecen son golpes, empujones, tomadas de cuello, tiradas de cabello, cachetadas, trompadas o cortes con elementos y la violencia verbal tiene que ver con insultos, descalificaciones y amenazas\u00bb, y a\u00f1adi\u00f3 que \u00abtambi\u00e9n se registran casos en los que se raya el auto de los docentes o se les rompen las cubiertas de esos veh\u00edculos\u00bb.<br \/>\nAdem\u00e1s, explic\u00f3 que, \u00aben menor incidencia, adem\u00e1s se registra agresi\u00f3n de alumnos hacia los docentes\u00bb y precis\u00f3 que las causas de las agresiones son diversas: \u00abLos padres o adultos se enojan si el chico no est\u00e1 primero en la fila, si el nene tuvo un 5 en vez de un 6, si no pas\u00f3 a la bandera o si se lo sancion\u00f3 por algo\u00bb.<\/p>\n","protected":false},"excerpt":{"rendered":"<p>Un docente por d\u00eda es v\u00edctima de agresiones verbales en la provincia de Buenos Aires, mientras que se registran entre dos y tres episodios de violencia f\u00edsica hacia educadores semanalmente, seg\u00fan los datos preliminares de un informe realizado por la Federaci\u00f3n de Educadores Bonaerenses (FEB) en consonancia con el proyecto presentado por el ejecutivo bonaerense, [&hellip;]<\/p>\n","protected":false},"author":4,"featured_media":6075,"comment_status":"open","ping_status":"closed","sticky":false,"template":"","format":"standard","meta":{"om_disable_all_campaigns":false,"_jetpack_memberships_contains_paid_content":false,"footnotes":""},"categories":[101,2],"tags":[],"class_list":["post-6074","post","type-post","status-publish","format-standard","has-post-thumbnail","hentry","category-interes-general-locales","category-locales"],"aioseo_notices":[],"gutentor_comment":0,"jetpack_featured_media_url":"https:\/\/eldiariodesanpedro.com.ar\/sitio\/wp-content\/uploads\/2016\/07\/not_847298_15_121644.jpg","jetpack_shortlink":"https:\/\/wp.me\/p6RhLt-1zY","jetpack_sharing_enabled":true,"_links":{"self":[{"href":"https:\/\/eldiariodesanpedro.com.ar\/sitio\/wp-json\/wp\/v2\/posts\/6074","targetHints":{"allow":["GET"]}}],"collection":[{"href":"https:\/\/eldiariodesanpedro.com.ar\/sitio\/wp-json\/wp\/v2\/posts"}],"about":[{"href":"https:\/\/eldiariodesanpedro.com.ar\/sitio\/wp-json\/wp\/v2\/types\/post"}],"author":[{"embeddable":true,"href":"https:\/\/eldiariodesanpedro.com.ar\/sitio\/wp-json\/wp\/v2\/users\/4"}],"replies":[{"embeddable":true,"href":"https:\/\/eldiariodesanpedro.com.ar\/sitio\/wp-json\/wp\/v2\/comments?post=6074"}],"version-history":[{"count":1,"href":"https:\/\/eldiariodesanpedro.com.ar\/sitio\/wp-json\/wp\/v2\/posts\/6074\/revisions"}],"predecessor-version":[{"id":6076,"href":"https:\/\/eldiariodesanpedro.com.ar\/sitio\/wp-json\/wp\/v2\/posts\/6074\/revisions\/6076"}],"wp:featuredmedia":[{"embeddable":true,"href":"https:\/\/eldiariodesanpedro.com.ar\/sitio\/wp-json\/wp\/v2\/media\/6075"}],"wp:attachment":[{"href":"https:\/\/eldiariodesanpedro.com.ar\/sitio\/wp-json\/wp\/v2\/media?parent=6074"}],"wp:term":[{"taxonomy":"category","embeddable":true,"href":"https:\/\/eldiariodesanpedro.com.ar\/sitio\/wp-json\/wp\/v2\/categories?post=6074"},{"taxonomy":"post_tag","embeddable":true,"href":"https:\/\/eldiariodesanpedro.com.ar\/sitio\/wp-json\/wp\/v2\/tags?post=6074"}],"curies":[{"name":"wp","href":"https:\/\/api.w.org\/{rel}","templated":true}]}}