{"id":60729,"date":"2019-09-25T17:59:54","date_gmt":"2019-09-25T20:59:54","guid":{"rendered":"https:\/\/eldiariodesanpedro.com.ar\/sitio\/?p=60729"},"modified":"2019-09-25T17:59:58","modified_gmt":"2019-09-25T20:59:58","slug":"san-nicolas-se-celebra-el-36-aniversario-de-la-virgen-del-rosario-de-san-nicolas","status":"publish","type":"post","link":"https:\/\/eldiariodesanpedro.com.ar\/sitio\/san-nicolas-se-celebra-el-36-aniversario-de-la-virgen-del-rosario-de-san-nicolas\/","title":{"rendered":"SAN NICOL\u00c1S | Se celebra el 36\u00b0 Aniversario de la Virgen del Rosario de San Nicol\u00e1s"},"content":{"rendered":"<!-- VideographyWP Plugin Message: Automatic video embedding prevented by plugin options. -->\n\n<p>\n\nLa Argentina celebra este mi\u00e9rcoles el 36\u00b0 aniversario de la Virgen del Rosario de San Nicol\u00e1s, devoci\u00f3n que tiene su epicentro en el santuario erigido a la orilla del r\u00edo en la poblaci\u00f3n de San Nicol\u00e1s de los Arroyos.<\/p>\n\n\n\n<p>Se trata de una advocaci\u00f3n mariana surgida el 25 de septiembre de 1983, cuando la vecina Gladys Quiroga de Motta rezaba en su habitaci\u00f3n de su casa en San Nicol\u00e1s, con un rosario entre sus manos y se le apareci\u00f3 la virgen.<\/p>\n\n\n\n<p>Seg\u00fan su relato, la Virgen le dijo: \u00abcerca tuyo quiero estar, el agua es una bendici\u00f3n. Soy la patrona de este lugar y me har\u00e1n un santuario. Cumplid mi palabra\u00bb, y con el transcurrir de los a\u00f1os se levant\u00f3 el enorme templo a 50 metros de su casa, en el terreno denominado \u00abEl campito\u00bb donde se daban cita los fieles.<\/p>\n\n\n\n<p>El rezo del santo rosario fue una de las devociones que se propagaron desde San Nicol\u00e1s y la imagen de la Virgen de Mar\u00eda del Rosario de San Nicol\u00e1s fue bendecida en Roma en 1884 por el papa Le\u00f3n XIII, mientras el rosario que porta recibi\u00f3 la bendici\u00f3n de Juan Pablo II.<\/p>\n\n\n\n<p>Desde 1983, multitudes de peregrinos del pa\u00eds y de naciones vecinas se dan cita cada 25 de septiembre en el santuario para honrar a la Virgen de San Nicol\u00e1s, festejos que siempre comienzan la medianoche anterior en sus puertas con el estruendo de fuegos artificiales y cantos a la Madre de Dios. NA.<\/p>\n","protected":false},"excerpt":{"rendered":"<p>La Argentina celebra este mi\u00e9rcoles el 36\u00b0 aniversario de la Virgen del Rosario de San Nicol\u00e1s, devoci\u00f3n que tiene su epicentro en el santuario erigido a la orilla del r\u00edo en la poblaci\u00f3n de San Nicol\u00e1s de los Arroyos. Se trata de una advocaci\u00f3n mariana surgida el 25 de septiembre de 1983, cuando la vecina [&hellip;]<\/p>\n","protected":false},"author":4,"featured_media":60730,"comment_status":"open","ping_status":"closed","sticky":false,"template":"","format":"standard","meta":{"om_disable_all_campaigns":false,"_jetpack_memberships_contains_paid_content":false,"footnotes":""},"categories":[621],"tags":[],"class_list":["post-60729","post","type-post","status-publish","format-standard","has-post-thumbnail","hentry","category-regionales"],"aioseo_notices":[],"gutentor_comment":0,"jetpack_featured_media_url":"https:\/\/eldiariodesanpedro.com.ar\/sitio\/wp-content\/uploads\/2019\/09\/f800x450-65209_116655_0.jpg","jetpack_shortlink":"https:\/\/wp.me\/p6RhLt-fNv","jetpack_sharing_enabled":true,"_links":{"self":[{"href":"https:\/\/eldiariodesanpedro.com.ar\/sitio\/wp-json\/wp\/v2\/posts\/60729","targetHints":{"allow":["GET"]}}],"collection":[{"href":"https:\/\/eldiariodesanpedro.com.ar\/sitio\/wp-json\/wp\/v2\/posts"}],"about":[{"href":"https:\/\/eldiariodesanpedro.com.ar\/sitio\/wp-json\/wp\/v2\/types\/post"}],"author":[{"embeddable":true,"href":"https:\/\/eldiariodesanpedro.com.ar\/sitio\/wp-json\/wp\/v2\/users\/4"}],"replies":[{"embeddable":true,"href":"https:\/\/eldiariodesanpedro.com.ar\/sitio\/wp-json\/wp\/v2\/comments?post=60729"}],"version-history":[{"count":1,"href":"https:\/\/eldiariodesanpedro.com.ar\/sitio\/wp-json\/wp\/v2\/posts\/60729\/revisions"}],"predecessor-version":[{"id":60731,"href":"https:\/\/eldiariodesanpedro.com.ar\/sitio\/wp-json\/wp\/v2\/posts\/60729\/revisions\/60731"}],"wp:featuredmedia":[{"embeddable":true,"href":"https:\/\/eldiariodesanpedro.com.ar\/sitio\/wp-json\/wp\/v2\/media\/60730"}],"wp:attachment":[{"href":"https:\/\/eldiariodesanpedro.com.ar\/sitio\/wp-json\/wp\/v2\/media?parent=60729"}],"wp:term":[{"taxonomy":"category","embeddable":true,"href":"https:\/\/eldiariodesanpedro.com.ar\/sitio\/wp-json\/wp\/v2\/categories?post=60729"},{"taxonomy":"post_tag","embeddable":true,"href":"https:\/\/eldiariodesanpedro.com.ar\/sitio\/wp-json\/wp\/v2\/tags?post=60729"}],"curies":[{"name":"wp","href":"https:\/\/api.w.org\/{rel}","templated":true}]}}