{"id":60725,"date":"2019-09-25T17:55:04","date_gmt":"2019-09-25T20:55:04","guid":{"rendered":"https:\/\/eldiariodesanpedro.com.ar\/sitio\/?p=60725"},"modified":"2019-09-25T17:55:58","modified_gmt":"2019-09-25T20:55:58","slug":"san-nicolas-vendia-cannabis-medicinal-en-potes-crema-curativa","status":"publish","type":"post","link":"https:\/\/eldiariodesanpedro.com.ar\/sitio\/san-nicolas-vendia-cannabis-medicinal-en-potes-crema-curativa\/","title":{"rendered":"SAN NICOLAS: Vend\u00eda cannabis medicinal en potes \u00abcrema curativa\u00bb"},"content":{"rendered":"<!-- VideographyWP Plugin Message: Automatic video embedding prevented by plugin options. -->\n\n<p>El sujeto los vend\u00eda en la v\u00eda p\u00fablica y  fue aprehendido con 86 frascos en su poder.<\/p>\n\n\n\n<p>Personal del Grupo de  Apoyo Departamental San Nicol\u00e1s GAD, en marco de orden de servicio 999\/19-  procede a la aprehensi\u00f3n de un masculino de 45 a\u00f1os de edad.<\/p>\n\n\n\n<p>El hecho se produjo en intersecci\u00f3n de las calles Viale y Costanera Alta, cuando los efectivos interceptan al sujeto identificado, llevaba varios potes de \u00abcrema curativa\u00bb para su venta.<\/p>\n\n\n\n<p>Los frascos ten\u00edan crema con aceite de cannabis.<\/p>\n\n\n\n<p>Es trasladado a la comisar\u00eda local a quien se le notific\u00f3 la reglamentaci\u00f3n vigente en cuanto a la \u201cventa de productos derivados de cannabis\u201d establecidas por la ANMAT en la Ley 27.350, relacionada a la\u00a0<strong>Ley de Estupefacientes 23737.<\/strong> <\/p>\n\n\n\n<p>Toma intervenci\u00f3n Fiscal\u00eda N3.<\/p>\n\n\n\n<figure class=\"wp-block-image\"><img decoding=\"async\" width=\"1024\" height=\"1024\" data-attachment-id=\"60724\" data-permalink=\"https:\/\/eldiariodesanpedro.com.ar\/sitio\/img-20190925-wa0018\/\" data-orig-file=\"https:\/\/eldiariodesanpedro.com.ar\/sitio\/wp-content\/uploads\/2019\/09\/IMG-20190925-WA0018.jpg\" data-orig-size=\"1145,1145\" data-comments-opened=\"1\" data-image-meta=\"{&quot;aperture&quot;:&quot;0&quot;,&quot;credit&quot;:&quot;&quot;,&quot;camera&quot;:&quot;&quot;,&quot;caption&quot;:&quot;&quot;,&quot;created_timestamp&quot;:&quot;0&quot;,&quot;copyright&quot;:&quot;&quot;,&quot;focal_length&quot;:&quot;0&quot;,&quot;iso&quot;:&quot;0&quot;,&quot;shutter_speed&quot;:&quot;0&quot;,&quot;title&quot;:&quot;&quot;,&quot;orientation&quot;:&quot;0&quot;}\" data-image-title=\"IMG-20190925-WA0018\" data-image-description=\"\" data-image-caption=\"\" data-large-file=\"https:\/\/eldiariodesanpedro.com.ar\/sitio\/wp-content\/uploads\/2019\/09\/IMG-20190925-WA0018-1024x1024.jpg\" data-src=\"https:\/\/eldiariodesanpedro.com.ar\/sitio\/wp-content\/uploads\/2019\/09\/IMG-20190925-WA0018-1024x1024.jpg\" alt=\"\" class=\"wp-image-60724 lazyload\" data-srcset=\"https:\/\/eldiariodesanpedro.com.ar\/sitio\/wp-content\/uploads\/2019\/09\/IMG-20190925-WA0018-1024x1024.jpg 1024w, https:\/\/eldiariodesanpedro.com.ar\/sitio\/wp-content\/uploads\/2019\/09\/IMG-20190925-WA0018-150x150.jpg 150w, https:\/\/eldiariodesanpedro.com.ar\/sitio\/wp-content\/uploads\/2019\/09\/IMG-20190925-WA0018-300x300.jpg 300w, https:\/\/eldiariodesanpedro.com.ar\/sitio\/wp-content\/uploads\/2019\/09\/IMG-20190925-WA0018-768x768.jpg 768w, https:\/\/eldiariodesanpedro.com.ar\/sitio\/wp-content\/uploads\/2019\/09\/IMG-20190925-WA0018.jpg 1145w\" data-sizes=\"(max-width: 1024px) 100vw, 1024px\" src=\"data:image\/svg+xml;base64,PHN2ZyB3aWR0aD0iMSIgaGVpZ2h0PSIxIiB4bWxucz0iaHR0cDovL3d3dy53My5vcmcvMjAwMC9zdmciPjwvc3ZnPg==\" style=\"--smush-placeholder-width: 1024px; --smush-placeholder-aspect-ratio: 1024\/1024;\" \/><\/figure>\n","protected":false},"excerpt":{"rendered":"<p>El sujeto los vend\u00eda en la v\u00eda p\u00fablica y fue aprehendido con 86 frascos en su poder. Personal del Grupo de Apoyo Departamental San Nicol\u00e1s GAD, en marco de orden de servicio 999\/19- procede a la aprehensi\u00f3n de un masculino de 45 a\u00f1os de edad. El hecho se produjo en intersecci\u00f3n de las calles Viale [&hellip;]<\/p>\n","protected":false},"author":4,"featured_media":60724,"comment_status":"open","ping_status":"closed","sticky":false,"template":"","format":"standard","meta":{"om_disable_all_campaigns":false,"_jetpack_memberships_contains_paid_content":false,"footnotes":""},"categories":[621],"tags":[],"class_list":["post-60725","post","type-post","status-publish","format-standard","has-post-thumbnail","hentry","category-regionales"],"aioseo_notices":[],"gutentor_comment":0,"jetpack_featured_media_url":"https:\/\/eldiariodesanpedro.com.ar\/sitio\/wp-content\/uploads\/2019\/09\/IMG-20190925-WA0018.jpg","jetpack_shortlink":"https:\/\/wp.me\/p6RhLt-fNr","jetpack_sharing_enabled":true,"_links":{"self":[{"href":"https:\/\/eldiariodesanpedro.com.ar\/sitio\/wp-json\/wp\/v2\/posts\/60725","targetHints":{"allow":["GET"]}}],"collection":[{"href":"https:\/\/eldiariodesanpedro.com.ar\/sitio\/wp-json\/wp\/v2\/posts"}],"about":[{"href":"https:\/\/eldiariodesanpedro.com.ar\/sitio\/wp-json\/wp\/v2\/types\/post"}],"author":[{"embeddable":true,"href":"https:\/\/eldiariodesanpedro.com.ar\/sitio\/wp-json\/wp\/v2\/users\/4"}],"replies":[{"embeddable":true,"href":"https:\/\/eldiariodesanpedro.com.ar\/sitio\/wp-json\/wp\/v2\/comments?post=60725"}],"version-history":[{"count":2,"href":"https:\/\/eldiariodesanpedro.com.ar\/sitio\/wp-json\/wp\/v2\/posts\/60725\/revisions"}],"predecessor-version":[{"id":60727,"href":"https:\/\/eldiariodesanpedro.com.ar\/sitio\/wp-json\/wp\/v2\/posts\/60725\/revisions\/60727"}],"wp:featuredmedia":[{"embeddable":true,"href":"https:\/\/eldiariodesanpedro.com.ar\/sitio\/wp-json\/wp\/v2\/media\/60724"}],"wp:attachment":[{"href":"https:\/\/eldiariodesanpedro.com.ar\/sitio\/wp-json\/wp\/v2\/media?parent=60725"}],"wp:term":[{"taxonomy":"category","embeddable":true,"href":"https:\/\/eldiariodesanpedro.com.ar\/sitio\/wp-json\/wp\/v2\/categories?post=60725"},{"taxonomy":"post_tag","embeddable":true,"href":"https:\/\/eldiariodesanpedro.com.ar\/sitio\/wp-json\/wp\/v2\/tags?post=60725"}],"curies":[{"name":"wp","href":"https:\/\/api.w.org\/{rel}","templated":true}]}}