{"id":60712,"date":"2019-09-25T18:39:57","date_gmt":"2019-09-25T21:39:57","guid":{"rendered":"https:\/\/eldiariodesanpedro.com.ar\/sitio\/?p=60712"},"modified":"2019-09-25T18:55:05","modified_gmt":"2019-09-25T21:55:05","slug":"fernando-nouet-no-hay-que-ilusionar-a-la-gente-con-propuestas-en-campana","status":"publish","type":"post","link":"https:\/\/eldiariodesanpedro.com.ar\/sitio\/fernando-nouet-no-hay-que-ilusionar-a-la-gente-con-propuestas-en-campana\/","title":{"rendered":"Fernando Nouet: \u00abNo hay que ilusionar a la gente con propuestas en campa\u00f1a\u00bb"},"content":{"rendered":"<!-- VideographyWP Plugin Message: Automatic video embedding prevented by plugin options. -->\n\n<p>El candidato a intendente por Consenso Federal, Fernando Nouet, sigue con sus recorridas y actividades cada vez m\u00e1s intensas luego de las PASO. En entrevista con el Diario de San Pedro nos brind\u00f3 todos los detalles de c\u00f3mo trabajan y sus proyectos de cara a las elecciones generales de Octubre.<\/p>\n\n\n\n<p>El socialista quien venci\u00f3 en la interna al referente de Libres del Sur, Mauricio Rodr\u00edguez, trabaja en una campa\u00f1a junto a su grupo de militantes y los integrantes de su lista avocados en propuestas por mejorar la situaci\u00f3n medioambiental de nuestra zona, como por ejemplo sumar \u00e1rboles y muros verdes a las escuelas.&nbsp;&nbsp;<\/p>\n\n\n\n<p>Una de las actividades m\u00e1s recientes fue la plantaci\u00f3n de \u00e1rboles en el barrio San Juli\u00e1n, al otro d\u00eda de colaborar con la limpieza de la costa en la zona del puerto.<\/p>\n\n\n\n<p>Fernando, en una visita a nuestra redacci\u00f3n, pudimos dialogar con el y nos cont\u00f3 todo acerca de su trabajo y proyectos:<\/p>\n\n\n\n<p>\u00abTomamos un peque\u00f1o relax despu\u00e9s de las paso, ya retomamos todos las actividades, presentamos la lista e hicimos todo el tr\u00e1mite legal correspondiente, ya empezamos una campa\u00f1a m\u00e1s clara\u00bb, dijo<\/p>\n\n\n\n<p>\u00abB\u00e1sicamente queremos un gobierno de futuro, con proyecci\u00f3n, donde podamos hacer cosas distintas, todos dicen que es lo que hicieron pero nosotros decimos que falta mucho por hacer\u00bb<\/p>\n\n\n\n<p>\u00abQueremos administrar los recursos de forma muy sana, estamos en una \u00e9poca dif\u00edcil econ\u00f3micamente y necesitamos contar con recursos propios, tenemos que hacer pol\u00edtica de otra manera como no incorporar gente si no es necesario, el 80% de los gastos del municipio es para pagar sueldos, es importante que la gente entienda esto, esto te deja poco dinero para ejecutar obras propias, para pagar insumos por ejemplo, hay que evitar el ingreso de gente a dedo\u00bb<\/p>\n\n\n\n<p>\u00abEn San Pedro ya se perdieron m\u00e1s de 600 fuentes de trabajo, no hay que prometer cosas que no se pueden hacer, el dinero entra por las tasas municipales, hay que administrar en que se gastan los recursos, rendir p\u00fablicamente las cuentas porque despu\u00e9s se encuentran las famosas boletas de compra de lechones, etc, hay que controlar permanentemente esto\u00bb<\/p>\n\n\n\n<p>Qu\u00e9 soluciones se pueden dar a corto plazo, preguntamos: \u00abLa situaci\u00f3n est\u00e1 muy delicada, no solo en lo econ\u00f3mico sino tambi\u00e9n en lo pol\u00edtico. Porque la polarizaci\u00f3n va a generar c\u00e1maras totalmente divididas, sin grandes mayor\u00edas y ah\u00ed es donde un sector del medio puede ayudar, ser un poco un eslab\u00f3n entre estos dos sectores m\u00e1s grandes.<\/p>\n\n\n\n<p>Y \u00bfqu\u00e9 se puede hacer? Nuestra propuesta plantea que de esto no se sale sin un gobierno de unidad nacional. Unidad nacional no significa unanimidad, significa una masa cr\u00edtica pol\u00edtica importante\u00bb.<\/p>\n\n\n\n<p>A nuestra pregunta de porqu\u00e9 la gente est\u00e1 desilusionada con el gobierno dijo, \u00abla gente en el 2015 eligi\u00f3 una opci\u00f3n porque quer\u00eda terminar con un estilo de pol\u00edtica, el Kirchnerismo, y se volc\u00f3 a cambiemos que no logr\u00f3 cambiar casi nada, solo lo que hizo fue profundizar m\u00e1s los problemas y endeudarnos en generaciones y generaciones, la gente est\u00e1 mal, se siente mal, se nota por la crisis econ\u00f3mica que ha golpeado duro en las familias, por eso digo que hay que ser serio en las propuestas, no hay que jugar con la desilusi\u00f3n de la gente, es f\u00e1cil vender despu\u00e9s es dif\u00edcil cumplir\u00bb<\/p>\n\n\n\n<p>\u00abNuestra econom\u00eda tiene ejes fundamentales, producci\u00f3n de viveros, turismo, ver la situaci\u00f3n de los fruticultores que ha ca\u00eddo much\u00edsimo su actividad, la creaci\u00f3n de consejos econ\u00f3mico, sociales y pol\u00edticos es imprescindible\u00bb<\/p>\n\n\n\n<p>Una de sus frases m\u00e1s destacables fue cuando se refiri\u00f3 a que , \u00absi fuera intendente me bajar\u00eda el sueldo\u00bb, \u00abcrear\u00eda nuevos puestos de empleo\u00bb, \u00abSan Pedro no tiene que tener m\u00e1s un basural a cielo abierto\u00bb y \u00abcolocar buzones an\u00f3nimos para denuncia de tenencia de estupefacientes\u00bb.<\/p>\n\n\n\n<p>Este domingo 22 comenz\u00f3 la campa\u00f1a electoral en medios de comunicaci\u00f3n audiovisual, lo que significa un relanzamiento oficial de cada candidato camino a octubre. La misma se extender\u00e1 hasta el 25 de octubre inclusive.<\/p>\n\n\n\n<p>Qui\u00e9n ser\u00e1 El elegido o La elegida?<br><\/p>\n\n\n\n<p>A nivel Nacional el candidato a Presidente, exministro de Econom\u00eda, Roberto Lavagna, lanz\u00f3 10 propuestas para \u00abun gobierno de unidad nacional\u00bb<\/p>\n\n\n\n<p>1. \u201cUnidad, di\u00e1logo, concertaci\u00f3n\u201d. Ninguno de los graves problemas estructurales de la Argentina puede resolverse en el plazo de una gesti\u00f3n gubernamental.&nbsp;<\/p>\n\n\n\n<p>2. \u201cEquidad y la transparencia\u201d. Es necesario recrear a los partidos pol\u00edticos como columnas del sistema democr\u00e1tico, de modo de que vuelvan a dar sentido a su representaci\u00f3n, abriendo nuevos \u00e1mbitos para la participaci\u00f3n social.<\/p>\n\n\n\n<p>3. \u201cModernizaci\u00f3n de la econom\u00eda\u201d. El mejoramiento de la competitividad empresarial tiene que sustentarse en una estrategia nacional orientada a la organizaci\u00f3n del sistema productivo argentino y de sus niveles de eficiencia institucional.&nbsp;<\/p>\n\n\n\n<p>4. \u201cPromover la actividad econ\u00f3mica, no asfixiarla\u201d. El fortalecimiento de una s\u00f3lida econom\u00eda de mercado, basada en la iniciativa privada, es una condici\u00f3n indispensable para la el desarrollo nacional.<\/p>\n\n\n\n<p>5. \u201cIgualdad de oportunidades\u201d. La vertiginosa aceleraci\u00f3n de los adelantos cient\u00edficos y los cambios tecnol\u00f3gicos representan un gigantesco desaf\u00edo al mundo del trabajo.<\/p>\n\n\n\n<p>6. \u201cGobernar es crear trabajo\u201d<\/p>\n\n\n\n<p>7. \u201cGeograf\u00eda econ\u00f3mica\u201d. Tenemos que redise\u00f1ar la geograf\u00eda econ\u00f3mica argentina, para transformar la actual estructura centralista y macrocef\u00e1lica y avanzar en un camino que posibilite el desarrollo aut\u00f3nomo de todas las regiones y provincias argentinas.<\/p>\n\n\n\n<p>8. \u201cTransparencia y decencia\u201d. En la Argentina la corrupci\u00f3n se ha transformado en un fen\u00f3meno de car\u00e1cter sist\u00e9mico.<\/p>\n\n\n\n<p>9. \u201cDefender la soberan\u00eda y asegurar la paz\u201d<\/p>\n\n\n\n<p>10. \u201cPresencia en el mundo\u201d \u201cEl nuevo escenario mundial est\u00e1 caracterizado por el fin de la unipolaridad estadounidense, el ascenso de China y una creciente puja por la hegemon\u00eda planetaria. Para afrontar esa realidad, es preciso enfatizar que la comprensi\u00f3n de la globalizaci\u00f3n como un fen\u00f3meno estructural no nos puede llevar a su ligera aceptaci\u00f3n, ni a caer en un \u201cglobalismo\u201d ingenuo que muchos predican pero que, en la pr\u00e1ctica, tiene una aplicaci\u00f3n demasiado limitada.<br><\/p>\n","protected":false},"excerpt":{"rendered":"<p>El candidato a intendente por Consenso Federal, Fernando Nouet, sigue con sus recorridas y actividades cada vez m\u00e1s intensas luego de las PASO. En entrevista con el Diario de San Pedro nos brind\u00f3 todos los detalles de c\u00f3mo trabajan y sus proyectos de cara a las elecciones generales de Octubre. El socialista quien venci\u00f3 en [&hellip;]<\/p>\n","protected":false},"author":4,"featured_media":60735,"comment_status":"open","ping_status":"closed","sticky":false,"template":"","format":"standard","meta":{"om_disable_all_campaigns":false,"_jetpack_memberships_contains_paid_content":false,"footnotes":""},"categories":[50,2,102],"tags":[],"class_list":["post-60712","post","type-post","status-publish","format-standard","has-post-thumbnail","hentry","category-destacadas","category-locales","category-politica-locales"],"aioseo_notices":[],"gutentor_comment":0,"jetpack_featured_media_url":"https:\/\/eldiariodesanpedro.com.ar\/sitio\/wp-content\/uploads\/2019\/09\/20190925_183721.jpg","jetpack_shortlink":"https:\/\/wp.me\/p6RhLt-fNe","jetpack_sharing_enabled":true,"_links":{"self":[{"href":"https:\/\/eldiariodesanpedro.com.ar\/sitio\/wp-json\/wp\/v2\/posts\/60712","targetHints":{"allow":["GET"]}}],"collection":[{"href":"https:\/\/eldiariodesanpedro.com.ar\/sitio\/wp-json\/wp\/v2\/posts"}],"about":[{"href":"https:\/\/eldiariodesanpedro.com.ar\/sitio\/wp-json\/wp\/v2\/types\/post"}],"author":[{"embeddable":true,"href":"https:\/\/eldiariodesanpedro.com.ar\/sitio\/wp-json\/wp\/v2\/users\/4"}],"replies":[{"embeddable":true,"href":"https:\/\/eldiariodesanpedro.com.ar\/sitio\/wp-json\/wp\/v2\/comments?post=60712"}],"version-history":[{"count":5,"href":"https:\/\/eldiariodesanpedro.com.ar\/sitio\/wp-json\/wp\/v2\/posts\/60712\/revisions"}],"predecessor-version":[{"id":60738,"href":"https:\/\/eldiariodesanpedro.com.ar\/sitio\/wp-json\/wp\/v2\/posts\/60712\/revisions\/60738"}],"wp:featuredmedia":[{"embeddable":true,"href":"https:\/\/eldiariodesanpedro.com.ar\/sitio\/wp-json\/wp\/v2\/media\/60735"}],"wp:attachment":[{"href":"https:\/\/eldiariodesanpedro.com.ar\/sitio\/wp-json\/wp\/v2\/media?parent=60712"}],"wp:term":[{"taxonomy":"category","embeddable":true,"href":"https:\/\/eldiariodesanpedro.com.ar\/sitio\/wp-json\/wp\/v2\/categories?post=60712"},{"taxonomy":"post_tag","embeddable":true,"href":"https:\/\/eldiariodesanpedro.com.ar\/sitio\/wp-json\/wp\/v2\/tags?post=60712"}],"curies":[{"name":"wp","href":"https:\/\/api.w.org\/{rel}","templated":true}]}}