{"id":6056,"date":"2016-07-15T20:42:18","date_gmt":"2016-07-15T23:42:18","guid":{"rendered":"https:\/\/eldiariodesanpedro.com.ar\/sitio\/?p=6056"},"modified":"2016-07-15T20:42:18","modified_gmt":"2016-07-15T23:42:18","slug":"quita-de-bonificaciones-en-el-centro-de-monitoreo-trabajadores-cubriran-las-24-horas","status":"publish","type":"post","link":"https:\/\/eldiariodesanpedro.com.ar\/sitio\/quita-de-bonificaciones-en-el-centro-de-monitoreo-trabajadores-cubriran-las-24-horas\/","title":{"rendered":"Quita de bonificaciones en el Centro de Monitoreo: Trabajadores cubrir\u00e1n las 24 horas"},"content":{"rendered":"<p><!-- VideographyWP Plugin Message: Automatic video embedding prevented by plugin options. --><br \/>\nTrabajadores el Centro de Monitoreo estudian tomar alg\u00fan tipo de medida como consecuencia de que se les quit\u00f3 las bonificaciones por funci\u00f3n que ten\u00edan como objetivo que haya las 24 horas personal realizando las tareas.<br \/>\n\u201cEllos ven\u00edan percibiendo una bonificaci\u00f3n por funci\u00f3n de larga data, que fue creada puntualmente por la metodolog\u00eda y por la forma que el servicio tiene. Es decir, es un servicio de 24 horas, los 365 d\u00edas del a\u00f1o\u201d, dijo Juan Kasta, titular del gremio SIEM, en el que se encuentran nucleados los agentes municipales.<br \/>\nLa misma \u201cestaba destinada a que nunca se produjeran baches\u201d, asever\u00f3 a trav\u00e9s de La Radio 92.3 el dirigente gremial y afirm\u00f3: \u201cAhora van a cumplir con lo que la Ley les manda, trabajar 8 horas, 48 horas semanales y los d\u00edas domingos tomar el descanso que la ley les da y no s\u00e9 c\u00f3mo se cubrir\u00e1 el servicio\u201d.<br \/>\nLa semana que viene se buscar\u00e1 una soluci\u00f3n con las autoridades municipales, y si no, se formalizar\u00e1 la medida.<\/p>\n","protected":false},"excerpt":{"rendered":"<p>Trabajadores el Centro de Monitoreo estudian tomar alg\u00fan tipo de medida como consecuencia de que se les quit\u00f3 las bonificaciones por funci\u00f3n que ten\u00edan como objetivo que haya las 24 horas personal realizando las tareas. \u201cEllos ven\u00edan percibiendo una bonificaci\u00f3n por funci\u00f3n de larga data, que fue creada puntualmente por la metodolog\u00eda y por la [&hellip;]<\/p>\n","protected":false},"author":4,"featured_media":6057,"comment_status":"open","ping_status":"closed","sticky":false,"template":"","format":"standard","meta":{"om_disable_all_campaigns":false,"_jetpack_memberships_contains_paid_content":false,"footnotes":""},"categories":[50,101,2],"tags":[],"class_list":["post-6056","post","type-post","status-publish","format-standard","has-post-thumbnail","hentry","category-destacadas","category-interes-general-locales","category-locales"],"aioseo_notices":[],"gutentor_comment":0,"jetpack_featured_media_url":"https:\/\/eldiariodesanpedro.com.ar\/sitio\/wp-content\/uploads\/2016\/07\/PAGINA-3-5.jpg","jetpack_shortlink":"https:\/\/wp.me\/p6RhLt-1zG","jetpack_sharing_enabled":true,"_links":{"self":[{"href":"https:\/\/eldiariodesanpedro.com.ar\/sitio\/wp-json\/wp\/v2\/posts\/6056","targetHints":{"allow":["GET"]}}],"collection":[{"href":"https:\/\/eldiariodesanpedro.com.ar\/sitio\/wp-json\/wp\/v2\/posts"}],"about":[{"href":"https:\/\/eldiariodesanpedro.com.ar\/sitio\/wp-json\/wp\/v2\/types\/post"}],"author":[{"embeddable":true,"href":"https:\/\/eldiariodesanpedro.com.ar\/sitio\/wp-json\/wp\/v2\/users\/4"}],"replies":[{"embeddable":true,"href":"https:\/\/eldiariodesanpedro.com.ar\/sitio\/wp-json\/wp\/v2\/comments?post=6056"}],"version-history":[{"count":1,"href":"https:\/\/eldiariodesanpedro.com.ar\/sitio\/wp-json\/wp\/v2\/posts\/6056\/revisions"}],"predecessor-version":[{"id":6058,"href":"https:\/\/eldiariodesanpedro.com.ar\/sitio\/wp-json\/wp\/v2\/posts\/6056\/revisions\/6058"}],"wp:featuredmedia":[{"embeddable":true,"href":"https:\/\/eldiariodesanpedro.com.ar\/sitio\/wp-json\/wp\/v2\/media\/6057"}],"wp:attachment":[{"href":"https:\/\/eldiariodesanpedro.com.ar\/sitio\/wp-json\/wp\/v2\/media?parent=6056"}],"wp:term":[{"taxonomy":"category","embeddable":true,"href":"https:\/\/eldiariodesanpedro.com.ar\/sitio\/wp-json\/wp\/v2\/categories?post=6056"},{"taxonomy":"post_tag","embeddable":true,"href":"https:\/\/eldiariodesanpedro.com.ar\/sitio\/wp-json\/wp\/v2\/tags?post=6056"}],"curies":[{"name":"wp","href":"https:\/\/api.w.org\/{rel}","templated":true}]}}