{"id":6052,"date":"2016-07-15T18:51:25","date_gmt":"2016-07-15T21:51:25","guid":{"rendered":"https:\/\/eldiariodesanpedro.com.ar\/sitio\/?p=6052"},"modified":"2016-07-15T18:51:25","modified_gmt":"2016-07-15T21:51:25","slug":"bomberos-sofoco-un-incendio-en-una-vivienda","status":"publish","type":"post","link":"https:\/\/eldiariodesanpedro.com.ar\/sitio\/bomberos-sofoco-un-incendio-en-una-vivienda\/","title":{"rendered":"Bomberos sofoc\u00f3 un incendio en una vivienda"},"content":{"rendered":"<p><!-- VideographyWP Plugin Message: Automatic video embedding prevented by plugin options. --><br \/>\nEl siniestro se produjo el jueves pasadas las 19 hs. en una vivienda. Se habr\u00eda originado a ra\u00edz de la propagaci\u00f3n de fuego de una salamandra. La llamas se expandieron hacia unas cortinas que estaban en cercan\u00edas y luego de all\u00ed tom\u00f3 parte de la estructura del techo.<br \/>\nLo cierto es que el due\u00f1o de la casa se encontraba instalando un cielo raso y como consecuencia de ello, unos cartones que se encontraban expuestos se incendiaron r\u00e1pidamente.<br \/>\nUna dotaci\u00f3n del cuerpo de Bomberos Voluntarios sofoc\u00f3 el siniestro r\u00e1pidamente y logr\u00f3 que no es expanda a otras dependencias de la morada o a otras casas linderas. <\/p>\n","protected":false},"excerpt":{"rendered":"<p>El siniestro se produjo el jueves pasadas las 19 hs. en una vivienda. Se habr\u00eda originado a ra\u00edz de la propagaci\u00f3n de fuego de una salamandra. La llamas se expandieron hacia unas cortinas que estaban en cercan\u00edas y luego de all\u00ed tom\u00f3 parte de la estructura del techo. Lo cierto es que el due\u00f1o de [&hellip;]<\/p>\n","protected":false},"author":4,"featured_media":6053,"comment_status":"open","ping_status":"closed","sticky":false,"template":"","format":"standard","meta":{"om_disable_all_campaigns":false,"_jetpack_memberships_contains_paid_content":false,"footnotes":""},"categories":[101,2],"tags":[],"class_list":["post-6052","post","type-post","status-publish","format-standard","has-post-thumbnail","hentry","category-interes-general-locales","category-locales"],"aioseo_notices":[],"gutentor_comment":0,"jetpack_featured_media_url":"https:\/\/eldiariodesanpedro.com.ar\/sitio\/wp-content\/uploads\/2016\/07\/incendio.jpg","jetpack_shortlink":"https:\/\/wp.me\/p6RhLt-1zC","jetpack_sharing_enabled":true,"_links":{"self":[{"href":"https:\/\/eldiariodesanpedro.com.ar\/sitio\/wp-json\/wp\/v2\/posts\/6052","targetHints":{"allow":["GET"]}}],"collection":[{"href":"https:\/\/eldiariodesanpedro.com.ar\/sitio\/wp-json\/wp\/v2\/posts"}],"about":[{"href":"https:\/\/eldiariodesanpedro.com.ar\/sitio\/wp-json\/wp\/v2\/types\/post"}],"author":[{"embeddable":true,"href":"https:\/\/eldiariodesanpedro.com.ar\/sitio\/wp-json\/wp\/v2\/users\/4"}],"replies":[{"embeddable":true,"href":"https:\/\/eldiariodesanpedro.com.ar\/sitio\/wp-json\/wp\/v2\/comments?post=6052"}],"version-history":[{"count":2,"href":"https:\/\/eldiariodesanpedro.com.ar\/sitio\/wp-json\/wp\/v2\/posts\/6052\/revisions"}],"predecessor-version":[{"id":6055,"href":"https:\/\/eldiariodesanpedro.com.ar\/sitio\/wp-json\/wp\/v2\/posts\/6052\/revisions\/6055"}],"wp:featuredmedia":[{"embeddable":true,"href":"https:\/\/eldiariodesanpedro.com.ar\/sitio\/wp-json\/wp\/v2\/media\/6053"}],"wp:attachment":[{"href":"https:\/\/eldiariodesanpedro.com.ar\/sitio\/wp-json\/wp\/v2\/media?parent=6052"}],"wp:term":[{"taxonomy":"category","embeddable":true,"href":"https:\/\/eldiariodesanpedro.com.ar\/sitio\/wp-json\/wp\/v2\/categories?post=6052"},{"taxonomy":"post_tag","embeddable":true,"href":"https:\/\/eldiariodesanpedro.com.ar\/sitio\/wp-json\/wp\/v2\/tags?post=6052"}],"curies":[{"name":"wp","href":"https:\/\/api.w.org\/{rel}","templated":true}]}}