{"id":6049,"date":"2016-07-15T18:38:48","date_gmt":"2016-07-15T21:38:48","guid":{"rendered":"https:\/\/eldiariodesanpedro.com.ar\/sitio\/?p=6049"},"modified":"2016-07-15T18:38:48","modified_gmt":"2016-07-15T21:38:48","slug":"el-diputado-provincial-osvaldo-yans-visito-a-salazar","status":"publish","type":"post","link":"https:\/\/eldiariodesanpedro.com.ar\/sitio\/el-diputado-provincial-osvaldo-yans-visito-a-salazar\/","title":{"rendered":"El Diputado Provincial Osvaldo Yans visit\u00f3 a Salazar"},"content":{"rendered":"<p><!-- VideographyWP Plugin Message: Automatic video embedding prevented by plugin options. --><br \/>\nEn la jornada del jueves visit\u00f3 la ciudad y al Intendente Salazar el diputado oriundo de Pergamino, que representa a la Segunda Secci\u00f3n Electoral, Osvaldo Yans. El edil es el presidente de la  comisi\u00f3n de seguridad del cuerpo legislativo al que pertenece y lleg\u00f3 a la ciudad con el objetivo de conocer la realidad y las demandas por parte del municipio en el marco de una recorrida que lleva a cabo por la gesti\u00f3n.<br \/>\nEn ese sentido manifest\u00f3: \u201cEntendemos que la seguridad es un problema que incumbe no solo al oficialismo, sino a los intendentes a los bloques opositores porque es aglo que comprende a la generalidad\u201d.<br \/>\nEn tanto que se\u00f1al\u00f3 que uno de los requerimientos del Jefe Comunal fue la llegada de patrulleros para la ciudad. \u201cYo voy a hablar con el Ministro, voy a reforzar el pedido que hizo el Intendente para lograr que San Pedro tenga el patrullaje necesario. Pero tambi\u00e9n tenemos que entender que recibimos una Provincia diezmada donde se pagaban el doble de seguros de m\u00f3viles de la polic\u00eda, entre otras cosas que todav\u00eda estamos investigando a ver donde iba esa plata\u201d, asever\u00f3.  Al tiempo que consider\u00f3 muy importante el proyecto de ley presentado para que se acorten los procesos de licitaci\u00f3n y \u201ccomiencen a venir los patrulleros que son necesarios\u201d, sostuvo.<br \/>\nAl tiempo que dijo: \u201cNosotros sabemos las cosas que est\u00e1n mal, que es el relevamiento que estamos haciendo, cuando nosotros lo tengamos vamos a saber espec\u00edficamente qu\u00e9 es lo que se tiene que hacer y por donde empezar\u201d.<\/p>\n","protected":false},"excerpt":{"rendered":"<p>En la jornada del jueves visit\u00f3 la ciudad y al Intendente Salazar el diputado oriundo de Pergamino, que representa a la Segunda Secci\u00f3n Electoral, Osvaldo Yans. El edil es el presidente de la comisi\u00f3n de seguridad del cuerpo legislativo al que pertenece y lleg\u00f3 a la ciudad con el objetivo de conocer la realidad y [&hellip;]<\/p>\n","protected":false},"author":4,"featured_media":6050,"comment_status":"open","ping_status":"closed","sticky":false,"template":"","format":"standard","meta":{"om_disable_all_campaigns":false,"_jetpack_memberships_contains_paid_content":false,"footnotes":""},"categories":[50,2,102],"tags":[],"class_list":["post-6049","post","type-post","status-publish","format-standard","has-post-thumbnail","hentry","category-destacadas","category-locales","category-politica-locales"],"aioseo_notices":[],"gutentor_comment":0,"jetpack_featured_media_url":"https:\/\/eldiariodesanpedro.com.ar\/sitio\/wp-content\/uploads\/2016\/07\/PAGINA-4-8.jpg","jetpack_shortlink":"https:\/\/wp.me\/p6RhLt-1zz","jetpack_sharing_enabled":true,"_links":{"self":[{"href":"https:\/\/eldiariodesanpedro.com.ar\/sitio\/wp-json\/wp\/v2\/posts\/6049","targetHints":{"allow":["GET"]}}],"collection":[{"href":"https:\/\/eldiariodesanpedro.com.ar\/sitio\/wp-json\/wp\/v2\/posts"}],"about":[{"href":"https:\/\/eldiariodesanpedro.com.ar\/sitio\/wp-json\/wp\/v2\/types\/post"}],"author":[{"embeddable":true,"href":"https:\/\/eldiariodesanpedro.com.ar\/sitio\/wp-json\/wp\/v2\/users\/4"}],"replies":[{"embeddable":true,"href":"https:\/\/eldiariodesanpedro.com.ar\/sitio\/wp-json\/wp\/v2\/comments?post=6049"}],"version-history":[{"count":1,"href":"https:\/\/eldiariodesanpedro.com.ar\/sitio\/wp-json\/wp\/v2\/posts\/6049\/revisions"}],"predecessor-version":[{"id":6051,"href":"https:\/\/eldiariodesanpedro.com.ar\/sitio\/wp-json\/wp\/v2\/posts\/6049\/revisions\/6051"}],"wp:featuredmedia":[{"embeddable":true,"href":"https:\/\/eldiariodesanpedro.com.ar\/sitio\/wp-json\/wp\/v2\/media\/6050"}],"wp:attachment":[{"href":"https:\/\/eldiariodesanpedro.com.ar\/sitio\/wp-json\/wp\/v2\/media?parent=6049"}],"wp:term":[{"taxonomy":"category","embeddable":true,"href":"https:\/\/eldiariodesanpedro.com.ar\/sitio\/wp-json\/wp\/v2\/categories?post=6049"},{"taxonomy":"post_tag","embeddable":true,"href":"https:\/\/eldiariodesanpedro.com.ar\/sitio\/wp-json\/wp\/v2\/tags?post=6049"}],"curies":[{"name":"wp","href":"https:\/\/api.w.org\/{rel}","templated":true}]}}