{"id":6046,"date":"2016-07-15T18:36:51","date_gmt":"2016-07-15T21:36:51","guid":{"rendered":"https:\/\/eldiariodesanpedro.com.ar\/sitio\/?p=6046"},"modified":"2016-07-15T18:36:51","modified_gmt":"2016-07-15T21:36:51","slug":"el-congreso-de-la-feb-definio-medidas-de-accion-gremial","status":"publish","type":"post","link":"https:\/\/eldiariodesanpedro.com.ar\/sitio\/el-congreso-de-la-feb-definio-medidas-de-accion-gremial\/","title":{"rendered":"El congreso de la FEB defini\u00f3 medidas de acci\u00f3n gremial"},"content":{"rendered":"<p><!-- VideographyWP Plugin Message: Automatic video embedding prevented by plugin options. --><br \/>\nEl Congreso Extraordinario de la FEB defini\u00f3 hoy una serie de medidas de acci\u00f3n gremial, a consensuar dentro del Frente Gremial Docente Bonaerense, y una movilizaci\u00f3n en la ciudad de La Plata para el pr\u00f3ximo 1 de agosto.<br \/>\nLos congresales se reunieron esta ma\u00f1ana en la Sede Central del gremio y votaron una bater\u00eda de medidas para implementar durante la fecha prevista para el regreso a las aulas, al tiempo que convocaron a una movilizaci\u00f3n en la capital provincial, en tanto no exista un gesto claro por parte del Gobierno de iniciar una recomposici\u00f3n salarial para el sector.<br \/>\n\u201cNo descartamos un paro\u201d, advirti\u00f3 la presidente de la FEB, Mirta Petrocini, y explic\u00f3 que \u201ctodo depender\u00e1 de la voluntad que manifiesten las autoridades provinciales de comenzar a dar soluciones reales a los problemas que venimos planteando los gremios\u201d.<br \/>\nEl Congreso de la entidad, que permanece en estado de alerta y movilizaci\u00f3n, se autoconvoc\u00f3 para el pr\u00f3ximo 10 de agosto, con el fin de analizar los posibles avances de la Comisi\u00f3n T\u00e9cnica Salarial que trabajar\u00e1 el 9 de ese mes.<br \/>\n\u201cSi del encuentro de la Comisi\u00f3n T\u00e9cnica no surge un claro gesto del Gobierno para recomponer los salarios de los docentes, la lucha se va a profundizar a\u00fan m\u00e1s\u201d, sostuvo Petrocini e indic\u00f3 que \u201cen la asamblea de hoy se manifest\u00f3 el profundo malestar que existe entre los educadores\u201d.\u200b<\/p>\n","protected":false},"excerpt":{"rendered":"<p>El Congreso Extraordinario de la FEB defini\u00f3 hoy una serie de medidas de acci\u00f3n gremial, a consensuar dentro del Frente Gremial Docente Bonaerense, y una movilizaci\u00f3n en la ciudad de La Plata para el pr\u00f3ximo 1 de agosto. Los congresales se reunieron esta ma\u00f1ana en la Sede Central del gremio y votaron una bater\u00eda de [&hellip;]<\/p>\n","protected":false},"author":4,"featured_media":6047,"comment_status":"open","ping_status":"closed","sticky":false,"template":"","format":"standard","meta":{"om_disable_all_campaigns":false,"_jetpack_memberships_contains_paid_content":false,"footnotes":""},"categories":[101,2],"tags":[],"class_list":["post-6046","post","type-post","status-publish","format-standard","has-post-thumbnail","hentry","category-interes-general-locales","category-locales"],"aioseo_notices":[],"gutentor_comment":0,"jetpack_featured_media_url":"https:\/\/eldiariodesanpedro.com.ar\/sitio\/wp-content\/uploads\/2016\/07\/feb.jpg","jetpack_shortlink":"https:\/\/wp.me\/p6RhLt-1zw","jetpack_sharing_enabled":true,"_links":{"self":[{"href":"https:\/\/eldiariodesanpedro.com.ar\/sitio\/wp-json\/wp\/v2\/posts\/6046","targetHints":{"allow":["GET"]}}],"collection":[{"href":"https:\/\/eldiariodesanpedro.com.ar\/sitio\/wp-json\/wp\/v2\/posts"}],"about":[{"href":"https:\/\/eldiariodesanpedro.com.ar\/sitio\/wp-json\/wp\/v2\/types\/post"}],"author":[{"embeddable":true,"href":"https:\/\/eldiariodesanpedro.com.ar\/sitio\/wp-json\/wp\/v2\/users\/4"}],"replies":[{"embeddable":true,"href":"https:\/\/eldiariodesanpedro.com.ar\/sitio\/wp-json\/wp\/v2\/comments?post=6046"}],"version-history":[{"count":1,"href":"https:\/\/eldiariodesanpedro.com.ar\/sitio\/wp-json\/wp\/v2\/posts\/6046\/revisions"}],"predecessor-version":[{"id":6048,"href":"https:\/\/eldiariodesanpedro.com.ar\/sitio\/wp-json\/wp\/v2\/posts\/6046\/revisions\/6048"}],"wp:featuredmedia":[{"embeddable":true,"href":"https:\/\/eldiariodesanpedro.com.ar\/sitio\/wp-json\/wp\/v2\/media\/6047"}],"wp:attachment":[{"href":"https:\/\/eldiariodesanpedro.com.ar\/sitio\/wp-json\/wp\/v2\/media?parent=6046"}],"wp:term":[{"taxonomy":"category","embeddable":true,"href":"https:\/\/eldiariodesanpedro.com.ar\/sitio\/wp-json\/wp\/v2\/categories?post=6046"},{"taxonomy":"post_tag","embeddable":true,"href":"https:\/\/eldiariodesanpedro.com.ar\/sitio\/wp-json\/wp\/v2\/tags?post=6046"}],"curies":[{"name":"wp","href":"https:\/\/api.w.org\/{rel}","templated":true}]}}