{"id":6041,"date":"2016-07-15T18:33:18","date_gmt":"2016-07-15T21:33:18","guid":{"rendered":"https:\/\/eldiariodesanpedro.com.ar\/sitio\/?p=6041"},"modified":"2016-07-15T18:33:18","modified_gmt":"2016-07-15T21:33:18","slug":"piden-dejar-sin-efecto-el-aumento-de-la-vtv","status":"publish","type":"post","link":"https:\/\/eldiariodesanpedro.com.ar\/sitio\/piden-dejar-sin-efecto-el-aumento-de-la-vtv\/","title":{"rendered":"Piden dejar sin efecto el aumento de la VTV"},"content":{"rendered":"<p><!-- VideographyWP Plugin Message: Automatic video embedding prevented by plugin options. --><br \/>\nEl diputado provincial Javier Mignaquy (Frente Renovador) pidi\u00f3 que el gobierno bonaerense deje sin efecto el aumento para la Verificaci\u00f3n T\u00e9cnica Vehicular, anunciado hasta que finalice la Emergencia en Infraestructura.<br \/>\nMignaquy precis\u00f3 que su reclamo se fundament\u00f3 en que \u201cla VTV  sufri\u00f3 un fuerte aumento y el gobierno provincial hizo una serie de anuncios y promesas de campa\u00f1a diciendo que se arreglaban las rutas pero las obras a\u00fan no han comenzado\u201d.<br \/>\n\u201cTampoco me parece l\u00f3gico exigirle al ciudadano que tenga el auto en condiciones, algo que me parece correcto, cuando el estado primero no brinda un servicio de calidad en cuanto al estado y el mantenimiento de las rutas\u201d, agreg\u00f3.<br \/>\nEl legislador aclar\u00f3 que \u201cno estoy diciendo que no debe exigirse la VTV, pero el servicio debe ser de calidad y, en este momento donde se dan aumentos excesivos de diversos impuestos y con una inflaci\u00f3n tan alta, eso puede provocar a que el vecino no priorice realizar la verificaci\u00f3n de su veh\u00edculo, con el riesgo que eso conlleva\u201d.<br \/>\n\u201cCreo que el disparador de todo es la falta de razonabilidad en todos estos aumentos que se han producido. Nosotros en cada medida que estamos tomando o en cada acci\u00f3n, nos hacemos eco de lo que est\u00e1 pidiendo la sociedad. Queremos ser, por decirlo de alguna manera, el portavoz de la gente\u201d, argument\u00f3.<\/p>\n","protected":false},"excerpt":{"rendered":"<p>El diputado provincial Javier Mignaquy (Frente Renovador) pidi\u00f3 que el gobierno bonaerense deje sin efecto el aumento para la Verificaci\u00f3n T\u00e9cnica Vehicular, anunciado hasta que finalice la Emergencia en Infraestructura. Mignaquy precis\u00f3 que su reclamo se fundament\u00f3 en que \u201cla VTV sufri\u00f3 un fuerte aumento y el gobierno provincial hizo una serie de anuncios y [&hellip;]<\/p>\n","protected":false},"author":4,"featured_media":6042,"comment_status":"open","ping_status":"closed","sticky":false,"template":"","format":"standard","meta":{"om_disable_all_campaigns":false,"_jetpack_memberships_contains_paid_content":false,"footnotes":""},"categories":[101,2],"tags":[],"class_list":["post-6041","post","type-post","status-publish","format-standard","has-post-thumbnail","hentry","category-interes-general-locales","category-locales"],"aioseo_notices":[],"gutentor_comment":0,"jetpack_featured_media_url":"https:\/\/eldiariodesanpedro.com.ar\/sitio\/wp-content\/uploads\/2016\/07\/PAGINA-6-2.jpg","jetpack_shortlink":"https:\/\/wp.me\/p6RhLt-1zr","jetpack_sharing_enabled":true,"_links":{"self":[{"href":"https:\/\/eldiariodesanpedro.com.ar\/sitio\/wp-json\/wp\/v2\/posts\/6041","targetHints":{"allow":["GET"]}}],"collection":[{"href":"https:\/\/eldiariodesanpedro.com.ar\/sitio\/wp-json\/wp\/v2\/posts"}],"about":[{"href":"https:\/\/eldiariodesanpedro.com.ar\/sitio\/wp-json\/wp\/v2\/types\/post"}],"author":[{"embeddable":true,"href":"https:\/\/eldiariodesanpedro.com.ar\/sitio\/wp-json\/wp\/v2\/users\/4"}],"replies":[{"embeddable":true,"href":"https:\/\/eldiariodesanpedro.com.ar\/sitio\/wp-json\/wp\/v2\/comments?post=6041"}],"version-history":[{"count":1,"href":"https:\/\/eldiariodesanpedro.com.ar\/sitio\/wp-json\/wp\/v2\/posts\/6041\/revisions"}],"predecessor-version":[{"id":6043,"href":"https:\/\/eldiariodesanpedro.com.ar\/sitio\/wp-json\/wp\/v2\/posts\/6041\/revisions\/6043"}],"wp:featuredmedia":[{"embeddable":true,"href":"https:\/\/eldiariodesanpedro.com.ar\/sitio\/wp-json\/wp\/v2\/media\/6042"}],"wp:attachment":[{"href":"https:\/\/eldiariodesanpedro.com.ar\/sitio\/wp-json\/wp\/v2\/media?parent=6041"}],"wp:term":[{"taxonomy":"category","embeddable":true,"href":"https:\/\/eldiariodesanpedro.com.ar\/sitio\/wp-json\/wp\/v2\/categories?post=6041"},{"taxonomy":"post_tag","embeddable":true,"href":"https:\/\/eldiariodesanpedro.com.ar\/sitio\/wp-json\/wp\/v2\/tags?post=6041"}],"curies":[{"name":"wp","href":"https:\/\/api.w.org\/{rel}","templated":true}]}}