{"id":60305,"date":"2019-09-19T09:25:43","date_gmt":"2019-09-19T12:25:43","guid":{"rendered":"https:\/\/eldiariodesanpedro.com.ar\/sitio\/?p=60305"},"modified":"2019-09-19T09:25:47","modified_gmt":"2019-09-19T12:25:47","slug":"ganaderia-bovina-en-el-area-de-influencia-del-inta-san-pedro","status":"publish","type":"post","link":"https:\/\/eldiariodesanpedro.com.ar\/sitio\/ganaderia-bovina-en-el-area-de-influencia-del-inta-san-pedro\/","title":{"rendered":"Ganader\u00eda bovina en el \u00e1rea de influencia del INTA San Pedro"},"content":{"rendered":"<!-- VideographyWP Plugin Message: Automatic video embedding prevented by plugin options. -->\n\n<p>Tras algunos meses caminando este trabajo de compartir informaci\u00f3n \u00fatil para la ganader\u00eda bovina en el noreste bonaerense, hemos decidido sumar art\u00edculos destacados sobre temas que sean de inter\u00e9s para nuestra zona. En esta 4ta edici\u00f3n abordaremos la \u201cAnaplasmosis bovina\u201d con un trabajo de autor\u00eda compartida de colegas de INTA Rafaela (Nicol\u00e1s Morel y Matilde Mazzucco) y de INTA Balcarce (Germ\u00e1n Cant\u00f3n), para profundizar sobre un problema que&nbsp; suele presentarse en el \u00e1rea de influencia del INTA San Pedro, en el noreste de la Provincia de Buenos Aires.<br>&nbsp;<br>Tambi\u00e9n se hace referencia a una de las enfermedades causada por consumo de plantas t\u00f3xicas m\u00e1s relevante para la zona y la \u00e9poca como es la Intoxicaci\u00f3n de bovinos por consumo de&nbsp;<em>Senecio&nbsp;<\/em>sp., \u201cSeneciosis\u201d.<br><br>Este es el \u00edndice de esta edici\u00f3n:<br><br><strong>Enfermedades Infecciosas.&nbsp;<\/strong>Anaplasmosis bovina: epidemiolog\u00eda, control y prevenci\u00f3n en \u00e1reas de presentaci\u00f3n espor\u00e1dica de la enfermedad&nbsp;&nbsp; &nbsp;&nbsp;<strong>&nbsp; &nbsp;<\/strong><\/p>\n\n\n\n<ul class=\"wp-block-list\"><li>Distribuci\u00f3n e impacto&nbsp;&nbsp; &nbsp;<\/li><li>Epidemiolog\u00eda&nbsp;&nbsp; &nbsp;<\/li><li>Aspectos epidemiol\u00f3gicos de casos diagnosticados en el \u00e1rea de presentaci\u00f3n espor\u00e1dica<\/li><li>Diagn\u00f3stico<\/li><li>Quimioterapia espec\u00edfica<\/li><li>Control y Prevenci\u00f3n<\/li><\/ul>\n\n\n\n<p><strong>Enfermedades Metab\u00f3licas, Carenciales y T\u00f3xicas.&nbsp;<\/strong>Intoxicaci\u00f3n de bovinos por consumo de plantas de&nbsp;<em>Senecio&nbsp;<\/em>sp. \u201cSeneciosis\u201d &nbsp;&nbsp;<\/p>\n\n\n\n<ul class=\"wp-block-list\"><li>Introducci\u00f3n<\/li><li>Etiolog\u00eda<\/li><li>Epidemiolog\u00eda<\/li><li>Patogenia<\/li><li>Sintomatolog\u00eda&nbsp;&nbsp; &nbsp;<\/li><li>Lesiones<\/li><li>Diagn\u00f3stico<\/li><li>Diagn\u00f3stico diferencial<\/li><li>Pron\u00f3stico<\/li><li>Tratamiento<\/li><li>Prevenci\u00f3n<\/li><\/ul>\n\n\n\n<p><strong>Producci\u00f3n y utilizaci\u00f3n de forrajes.\u00a0<\/strong>Estado actual de las pasturas y pastizales de la zona<\/p>\n\n\n\n<ul class=\"wp-block-list\"><li>Informaci\u00f3n sobre los pastizales \u201ccampo natural\u201d en la zona de influencia de la EEA de INTA San Pedro<\/li><li>Informaci\u00f3n sobre una pastura polif\u00edtica base alfalfa en la zona de influencia de la EEA de INTA en San Pedro<\/li><li>Bibliograf\u00eda<\/li><\/ul>\n\n\n\n<p>\n\nEste bolet\u00edn se edita en formato digital y se distribuye gratuitamente por correo electr\u00f3nico a profesionales ligados a la actividad agropecuaria, estudiantes, instituciones p\u00fablicas y privadas, productores, investigadores y a todos quienes lo soliciten.<\/p>\n\n\n\n<p>Se permite la reproducci\u00f3n de la informaci\u00f3n citando la fuente: Ej. BGB (2019), N\u00b04.&nbsp; EEA San Pedro-INTA. Recuperado de&nbsp;<a href=\"https:\/\/gob.us14.list-manage.com\/track\/click?u=dc8d70956a2304ba6ec6196eb&amp;id=47e2a96786&amp;e=8b567d021e\" target=\"_blank\" rel=\"noreferrer noopener\">https:\/\/inta.gob.ar\/documentos\/ganaderia-bovina-en-el-area-de-influencia-de-la-eea-inta-san-pedro-recomendaciones-sobre-sanidad-nutricion-y-manejo-setiembre-2019<\/a><\/p>\n\n\n\n<p>Puede acceder a ediciones anteriores en: Indice de informes anteriores<\/p>\n\n\n\n<p>\n\nPor consultas, sugerencias y suscripciones: Vet. M. Sc. Ignacio Jos\u00e9 Gamietea:&nbsp;<a href=\"mailto:gamietea.ignacio@inta.gob.ar\" target=\"_blank\" rel=\"noreferrer noopener\">gamietea.ignacio@inta.gob.ar<\/a><\/p>\n","protected":false},"excerpt":{"rendered":"<p>Tras algunos meses caminando este trabajo de compartir informaci\u00f3n \u00fatil para la ganader\u00eda bovina en el noreste bonaerense, hemos decidido sumar art\u00edculos destacados sobre temas que sean de inter\u00e9s para nuestra zona. En esta 4ta edici\u00f3n abordaremos la \u201cAnaplasmosis bovina\u201d con un trabajo de autor\u00eda compartida de colegas de INTA Rafaela (Nicol\u00e1s Morel y Matilde [&hellip;]<\/p>\n","protected":false},"author":4,"featured_media":60306,"comment_status":"open","ping_status":"closed","sticky":false,"template":"","format":"standard","meta":{"om_disable_all_campaigns":false,"_jetpack_memberships_contains_paid_content":false,"footnotes":""},"categories":[101,2],"tags":[],"class_list":["post-60305","post","type-post","status-publish","format-standard","has-post-thumbnail","hentry","category-interes-general-locales","category-locales"],"aioseo_notices":[],"gutentor_comment":0,"jetpack_featured_media_url":"https:\/\/eldiariodesanpedro.com.ar\/sitio\/wp-content\/uploads\/2019\/09\/ganaderia_8.jpg","jetpack_shortlink":"https:\/\/wp.me\/p6RhLt-fGF","jetpack_sharing_enabled":true,"_links":{"self":[{"href":"https:\/\/eldiariodesanpedro.com.ar\/sitio\/wp-json\/wp\/v2\/posts\/60305","targetHints":{"allow":["GET"]}}],"collection":[{"href":"https:\/\/eldiariodesanpedro.com.ar\/sitio\/wp-json\/wp\/v2\/posts"}],"about":[{"href":"https:\/\/eldiariodesanpedro.com.ar\/sitio\/wp-json\/wp\/v2\/types\/post"}],"author":[{"embeddable":true,"href":"https:\/\/eldiariodesanpedro.com.ar\/sitio\/wp-json\/wp\/v2\/users\/4"}],"replies":[{"embeddable":true,"href":"https:\/\/eldiariodesanpedro.com.ar\/sitio\/wp-json\/wp\/v2\/comments?post=60305"}],"version-history":[{"count":1,"href":"https:\/\/eldiariodesanpedro.com.ar\/sitio\/wp-json\/wp\/v2\/posts\/60305\/revisions"}],"predecessor-version":[{"id":60307,"href":"https:\/\/eldiariodesanpedro.com.ar\/sitio\/wp-json\/wp\/v2\/posts\/60305\/revisions\/60307"}],"wp:featuredmedia":[{"embeddable":true,"href":"https:\/\/eldiariodesanpedro.com.ar\/sitio\/wp-json\/wp\/v2\/media\/60306"}],"wp:attachment":[{"href":"https:\/\/eldiariodesanpedro.com.ar\/sitio\/wp-json\/wp\/v2\/media?parent=60305"}],"wp:term":[{"taxonomy":"category","embeddable":true,"href":"https:\/\/eldiariodesanpedro.com.ar\/sitio\/wp-json\/wp\/v2\/categories?post=60305"},{"taxonomy":"post_tag","embeddable":true,"href":"https:\/\/eldiariodesanpedro.com.ar\/sitio\/wp-json\/wp\/v2\/tags?post=60305"}],"curies":[{"name":"wp","href":"https:\/\/api.w.org\/{rel}","templated":true}]}}