{"id":60301,"date":"2019-09-19T09:21:33","date_gmt":"2019-09-19T12:21:33","guid":{"rendered":"https:\/\/eldiariodesanpedro.com.ar\/sitio\/?p=60301"},"modified":"2019-09-19T09:21:37","modified_gmt":"2019-09-19T12:21:37","slug":"fwd-la-unidad-movil-de-carnes-de-agroindustria-recorre-la-provincia-y-asesora-a-productores","status":"publish","type":"post","link":"https:\/\/eldiariodesanpedro.com.ar\/sitio\/fwd-la-unidad-movil-de-carnes-de-agroindustria-recorre-la-provincia-y-asesora-a-productores\/","title":{"rendered":"Fwd: La Unidad M\u00f3vil de Carnes de Agroindustria recorre la Provincia y asesora a productores"},"content":{"rendered":"<!-- VideographyWP Plugin Message: Automatic video embedding prevented by plugin options. -->\n\n<p> El Ministerio de Agroindustria de la Provincia de Buenos Aires, a trav\u00e9s de la Direcci\u00f3n Provincial de Carnes, participa en las exposiciones de distintos municipios con la unidad m\u00f3vil de carnes asesorando a los productores y simplificando tr\u00e1mites.<\/p>\n\n\n\n<p>La actividad que tiene como objetivo asesorar, acompa\u00f1ar y orientar a los productores bonaerenses, comenz\u00f3 el 29 de agosto en Chacabuco y recorrer\u00e1 las distintas exposiciones en el territorio provincial llevando todo lo referido al registro ganadero, marcas nuevas y se\u00f1ales, asesoramiento sobre triquinosis, habilitaciones de criaderos de cerdos y aves, gallinas de postura y carne, consultas para formalizar la actividad en venta y faena de cerdos. Tambi\u00e9n sobre la habilitaci\u00f3n para la cr\u00eda de canarios.<\/p>\n\n\n\n<p>Adem\u00e1s brinda informaci\u00f3n sobre el DUE, DUT, renovaci\u00f3n, como adquirir r\u00f3tulos para chacinados, gestiones sobre habilitaci\u00f3n y facilitar el carnet de pesca seg\u00fan categor\u00eda.<\/p>\n\n\n\n<p>La unidad m\u00f3vil ya estuvo presente en La Plata, Pergamino, General Villegas, Coronel Dorrego, Tandil, Bolivar y Pehuaj\u00f3. <\/p>\n\n\n\n<p>El 19 y 20 de este mes estar\u00e1n en Balcarce y el 21 y 22\/09 en Saladillo. En octubre recorrer\u00e1 las ciudades de 9 de Julio (3\/10), Tapalqu\u00e9 (4\/10), General Alvear (5 y 6\/10), Dolores (11\/10), Olavarr\u00eda (12, 13 y 14\/10) y Salliquel\u00f3 (17 y 18\/10). <\/p>\n\n\n\n<ul class=\"wp-block-gallery columns-2 is-cropped wp-block-gallery-1 is-layout-flex wp-block-gallery-is-layout-flex\"><li class=\"blocks-gallery-item\"><figure><img decoding=\"async\" width=\"1024\" height=\"574\" data-attachment-id=\"60302\" data-permalink=\"https:\/\/eldiariodesanpedro.com.ar\/sitio\/fwd-la-unidad-movil-de-carnes-de-agroindustria-recorre-la-provincia-y-asesora-a-productores\/e3755603-ea6b-4b2e-aa42-652fa3c97167\/\" data-orig-file=\"https:\/\/eldiariodesanpedro.com.ar\/sitio\/wp-content\/uploads\/2019\/09\/e3755603-ea6b-4b2e-aa42-652fa3c97167.jpg\" data-orig-size=\"1280,718\" data-comments-opened=\"1\" data-image-meta=\"{&quot;aperture&quot;:&quot;0&quot;,&quot;credit&quot;:&quot;&quot;,&quot;camera&quot;:&quot;&quot;,&quot;caption&quot;:&quot;&quot;,&quot;created_timestamp&quot;:&quot;0&quot;,&quot;copyright&quot;:&quot;&quot;,&quot;focal_length&quot;:&quot;0&quot;,&quot;iso&quot;:&quot;0&quot;,&quot;shutter_speed&quot;:&quot;0&quot;,&quot;title&quot;:&quot;&quot;,&quot;orientation&quot;:&quot;1&quot;}\" data-image-title=\"e3755603-ea6b-4b2e-aa42-652fa3c97167\" data-image-description=\"\" data-image-caption=\"\" data-large-file=\"https:\/\/eldiariodesanpedro.com.ar\/sitio\/wp-content\/uploads\/2019\/09\/e3755603-ea6b-4b2e-aa42-652fa3c97167-1024x574.jpg\" data-src=\"https:\/\/eldiariodesanpedro.com.ar\/sitio\/wp-content\/uploads\/2019\/09\/e3755603-ea6b-4b2e-aa42-652fa3c97167-1024x574.jpg\" alt=\"\" data-id=\"60302\" data-link=\"https:\/\/eldiariodesanpedro.com.ar\/sitio\/?attachment_id=60302\" class=\"wp-image-60302 lazyload\" data-srcset=\"https:\/\/eldiariodesanpedro.com.ar\/sitio\/wp-content\/uploads\/2019\/09\/e3755603-ea6b-4b2e-aa42-652fa3c97167-1024x574.jpg 1024w, https:\/\/eldiariodesanpedro.com.ar\/sitio\/wp-content\/uploads\/2019\/09\/e3755603-ea6b-4b2e-aa42-652fa3c97167-300x168.jpg 300w, https:\/\/eldiariodesanpedro.com.ar\/sitio\/wp-content\/uploads\/2019\/09\/e3755603-ea6b-4b2e-aa42-652fa3c97167-768x431.jpg 768w, https:\/\/eldiariodesanpedro.com.ar\/sitio\/wp-content\/uploads\/2019\/09\/e3755603-ea6b-4b2e-aa42-652fa3c97167.jpg 1280w\" data-sizes=\"(max-width: 1024px) 100vw, 1024px\" src=\"data:image\/svg+xml;base64,PHN2ZyB3aWR0aD0iMSIgaGVpZ2h0PSIxIiB4bWxucz0iaHR0cDovL3d3dy53My5vcmcvMjAwMC9zdmciPjwvc3ZnPg==\" style=\"--smush-placeholder-width: 1024px; --smush-placeholder-aspect-ratio: 1024\/574;\" \/><\/figure><\/li><li class=\"blocks-gallery-item\"><figure><img decoding=\"async\" width=\"600\" height=\"338\" data-attachment-id=\"60303\" data-permalink=\"https:\/\/eldiariodesanpedro.com.ar\/sitio\/fwd-la-unidad-movil-de-carnes-de-agroindustria-recorre-la-provincia-y-asesora-a-productores\/img_8271\/\" data-orig-file=\"https:\/\/eldiariodesanpedro.com.ar\/sitio\/wp-content\/uploads\/2019\/09\/IMG_8271.jpg\" data-orig-size=\"600,338\" data-comments-opened=\"1\" data-image-meta=\"{&quot;aperture&quot;:&quot;0&quot;,&quot;credit&quot;:&quot;&quot;,&quot;camera&quot;:&quot;&quot;,&quot;caption&quot;:&quot;&quot;,&quot;created_timestamp&quot;:&quot;0&quot;,&quot;copyright&quot;:&quot;&quot;,&quot;focal_length&quot;:&quot;0&quot;,&quot;iso&quot;:&quot;0&quot;,&quot;shutter_speed&quot;:&quot;0&quot;,&quot;title&quot;:&quot;&quot;,&quot;orientation&quot;:&quot;1&quot;}\" data-image-title=\"IMG_8271\" data-image-description=\"\" data-image-caption=\"\" data-large-file=\"https:\/\/eldiariodesanpedro.com.ar\/sitio\/wp-content\/uploads\/2019\/09\/IMG_8271.jpg\" data-src=\"https:\/\/eldiariodesanpedro.com.ar\/sitio\/wp-content\/uploads\/2019\/09\/IMG_8271.jpg\" alt=\"\" data-id=\"60303\" data-link=\"https:\/\/eldiariodesanpedro.com.ar\/sitio\/?attachment_id=60303\" class=\"wp-image-60303 lazyload\" data-srcset=\"https:\/\/eldiariodesanpedro.com.ar\/sitio\/wp-content\/uploads\/2019\/09\/IMG_8271.jpg 600w, https:\/\/eldiariodesanpedro.com.ar\/sitio\/wp-content\/uploads\/2019\/09\/IMG_8271-300x169.jpg 300w\" data-sizes=\"(max-width: 600px) 100vw, 600px\" src=\"data:image\/svg+xml;base64,PHN2ZyB3aWR0aD0iMSIgaGVpZ2h0PSIxIiB4bWxucz0iaHR0cDovL3d3dy53My5vcmcvMjAwMC9zdmciPjwvc3ZnPg==\" style=\"--smush-placeholder-width: 600px; --smush-placeholder-aspect-ratio: 600\/338;\" \/><\/figure><\/li><\/ul>\n","protected":false},"excerpt":{"rendered":"<p>El Ministerio de Agroindustria de la Provincia de Buenos Aires, a trav\u00e9s de la Direcci\u00f3n Provincial de Carnes, participa en las exposiciones de distintos municipios con la unidad m\u00f3vil de carnes asesorando a los productores y simplificando tr\u00e1mites. La actividad que tiene como objetivo asesorar, acompa\u00f1ar y orientar a los productores bonaerenses, comenz\u00f3 el 29 [&hellip;]<\/p>\n","protected":false},"author":4,"featured_media":60302,"comment_status":"open","ping_status":"closed","sticky":false,"template":"","format":"standard","meta":{"om_disable_all_campaigns":false,"_jetpack_memberships_contains_paid_content":false,"footnotes":""},"categories":[621],"tags":[],"class_list":["post-60301","post","type-post","status-publish","format-standard","has-post-thumbnail","hentry","category-regionales"],"aioseo_notices":[],"gutentor_comment":0,"jetpack_featured_media_url":"https:\/\/eldiariodesanpedro.com.ar\/sitio\/wp-content\/uploads\/2019\/09\/e3755603-ea6b-4b2e-aa42-652fa3c97167.jpg","jetpack_shortlink":"https:\/\/wp.me\/p6RhLt-fGB","jetpack_sharing_enabled":true,"_links":{"self":[{"href":"https:\/\/eldiariodesanpedro.com.ar\/sitio\/wp-json\/wp\/v2\/posts\/60301","targetHints":{"allow":["GET"]}}],"collection":[{"href":"https:\/\/eldiariodesanpedro.com.ar\/sitio\/wp-json\/wp\/v2\/posts"}],"about":[{"href":"https:\/\/eldiariodesanpedro.com.ar\/sitio\/wp-json\/wp\/v2\/types\/post"}],"author":[{"embeddable":true,"href":"https:\/\/eldiariodesanpedro.com.ar\/sitio\/wp-json\/wp\/v2\/users\/4"}],"replies":[{"embeddable":true,"href":"https:\/\/eldiariodesanpedro.com.ar\/sitio\/wp-json\/wp\/v2\/comments?post=60301"}],"version-history":[{"count":1,"href":"https:\/\/eldiariodesanpedro.com.ar\/sitio\/wp-json\/wp\/v2\/posts\/60301\/revisions"}],"predecessor-version":[{"id":60304,"href":"https:\/\/eldiariodesanpedro.com.ar\/sitio\/wp-json\/wp\/v2\/posts\/60301\/revisions\/60304"}],"wp:featuredmedia":[{"embeddable":true,"href":"https:\/\/eldiariodesanpedro.com.ar\/sitio\/wp-json\/wp\/v2\/media\/60302"}],"wp:attachment":[{"href":"https:\/\/eldiariodesanpedro.com.ar\/sitio\/wp-json\/wp\/v2\/media?parent=60301"}],"wp:term":[{"taxonomy":"category","embeddable":true,"href":"https:\/\/eldiariodesanpedro.com.ar\/sitio\/wp-json\/wp\/v2\/categories?post=60301"},{"taxonomy":"post_tag","embeddable":true,"href":"https:\/\/eldiariodesanpedro.com.ar\/sitio\/wp-json\/wp\/v2\/tags?post=60301"}],"curies":[{"name":"wp","href":"https:\/\/api.w.org\/{rel}","templated":true}]}}