{"id":603,"date":"2015-11-24T23:03:28","date_gmt":"2015-11-25T02:03:28","guid":{"rendered":"http:\/\/www.eldiariodesanpedro.com.ar\/?p=603"},"modified":"2015-11-26T23:05:06","modified_gmt":"2015-11-27T02:05:06","slug":"hombre-se-suicido-villa-jardin","status":"publish","type":"post","link":"https:\/\/eldiariodesanpedro.com.ar\/sitio\/hombre-se-suicido-villa-jardin\/","title":{"rendered":"Un hombre se suicid\u00f3 en Villa Jard\u00edn"},"content":{"rendered":"<p><!-- VideographyWP Plugin Message: Automatic video embedding prevented by plugin options. --><br \/>\nEl cuerpo fue hallado minutos antes de las 8 hs. del lunes en una finca a la altura del moj\u00f3n 140 en el denominado \u201ccamino al aeroclub\u201d.<br \/>\nSe trata de una persona de 35 a\u00f1os de sexo masculino, \u00e9l que habr\u00eda dejado una nota donde daba a conocer que la fatal decisi\u00f3n se deb\u00eda a problemas familiares.<br \/>\nPersonal de polic\u00eda cient\u00edfica realiz\u00f3 los peritajes en el lugar, mientras que dirige la investigaci\u00f3n la Fiscal\u00eda N\u00ba 11, a cargo de la Dra. Ramos.<\/p>\n","protected":false},"excerpt":{"rendered":"<p>El cuerpo fue hallado minutos antes de las 8 hs. del lunes en una finca a la altura del moj\u00f3n 140 en el denominado \u201ccamino al aeroclub\u201d. Se trata de una persona de 35 a\u00f1os de sexo masculino, \u00e9l que habr\u00eda dejado una nota donde daba a conocer que la fatal decisi\u00f3n se deb\u00eda a [&hellip;]<\/p>\n","protected":false},"author":4,"featured_media":605,"comment_status":"open","ping_status":"closed","sticky":false,"template":"","format":"standard","meta":{"om_disable_all_campaigns":false,"_jetpack_memberships_contains_paid_content":false,"footnotes":""},"categories":[2,103],"tags":[],"class_list":["post-603","post","type-post","status-publish","format-standard","has-post-thumbnail","hentry","category-locales","category-policiales-locales"],"aioseo_notices":[],"gutentor_comment":0,"jetpack_featured_media_url":"https:\/\/eldiariodesanpedro.com.ar\/sitio\/wp-content\/uploads\/2015\/11\/morguera.jpg","jetpack_shortlink":"https:\/\/wp.me\/p6RhLt-9J","jetpack_sharing_enabled":true,"_links":{"self":[{"href":"https:\/\/eldiariodesanpedro.com.ar\/sitio\/wp-json\/wp\/v2\/posts\/603","targetHints":{"allow":["GET"]}}],"collection":[{"href":"https:\/\/eldiariodesanpedro.com.ar\/sitio\/wp-json\/wp\/v2\/posts"}],"about":[{"href":"https:\/\/eldiariodesanpedro.com.ar\/sitio\/wp-json\/wp\/v2\/types\/post"}],"author":[{"embeddable":true,"href":"https:\/\/eldiariodesanpedro.com.ar\/sitio\/wp-json\/wp\/v2\/users\/4"}],"replies":[{"embeddable":true,"href":"https:\/\/eldiariodesanpedro.com.ar\/sitio\/wp-json\/wp\/v2\/comments?post=603"}],"version-history":[{"count":1,"href":"https:\/\/eldiariodesanpedro.com.ar\/sitio\/wp-json\/wp\/v2\/posts\/603\/revisions"}],"predecessor-version":[{"id":606,"href":"https:\/\/eldiariodesanpedro.com.ar\/sitio\/wp-json\/wp\/v2\/posts\/603\/revisions\/606"}],"wp:featuredmedia":[{"embeddable":true,"href":"https:\/\/eldiariodesanpedro.com.ar\/sitio\/wp-json\/wp\/v2\/media\/605"}],"wp:attachment":[{"href":"https:\/\/eldiariodesanpedro.com.ar\/sitio\/wp-json\/wp\/v2\/media?parent=603"}],"wp:term":[{"taxonomy":"category","embeddable":true,"href":"https:\/\/eldiariodesanpedro.com.ar\/sitio\/wp-json\/wp\/v2\/categories?post=603"},{"taxonomy":"post_tag","embeddable":true,"href":"https:\/\/eldiariodesanpedro.com.ar\/sitio\/wp-json\/wp\/v2\/tags?post=603"}],"curies":[{"name":"wp","href":"https:\/\/api.w.org\/{rel}","templated":true}]}}