{"id":60289,"date":"2019-09-19T09:10:57","date_gmt":"2019-09-19T12:10:57","guid":{"rendered":"https:\/\/eldiariodesanpedro.com.ar\/sitio\/?p=60289"},"modified":"2019-09-19T09:11:01","modified_gmt":"2019-09-19T12:11:01","slug":"dia-del-empleado-de-comercio-traslado-de-fecha","status":"publish","type":"post","link":"https:\/\/eldiariodesanpedro.com.ar\/sitio\/dia-del-empleado-de-comercio-traslado-de-fecha\/","title":{"rendered":"D\u00eda del Empleado de Comercio: traslado de fecha"},"content":{"rendered":"<!-- VideographyWP Plugin Message: Automatic video embedding prevented by plugin options. -->\n\n<p><strong>Volvemos a compartir desde el Centro de Comercio e Industria esta informaci\u00f3n recibida a trav\u00e9s de la Confederaci\u00f3n Argentina de la Mediana Empresa (CAME).<\/strong><\/p>\n\n\n\n<p>Se informa a las entidades signatarias del CCT 130\/75 han firmado un acuerdo convencional a trav\u00e9s del cual se determin\u00f3 que este a\u00f1o la jornada no laborable del D\u00eda del Empleado de Comercio, establecido por&nbsp;<a href=\"http:\/\/servicios.infoleg.gob.ar\/infolegInternet\/anexos\/160000-164999\/161502\/norma.htm\" rel=\"noreferrer noopener\" target=\"_blank\">Ley 26.541<\/a>,&nbsp;<strong>se trasladar\u00e1 al d\u00eda lunes 23 de septiembre.<\/strong><\/p>\n\n\n\n<p>Seg\u00fan lo instituido por la mencionada Ley, el D\u00eda del Empleado de Comercio ser\u00e1 un d\u00eda de descanso para todos los trabajadores mercantiles \u201casimil\u00e1ndose dicho d\u00eda a los feriados nacionales a todos los efectos legales\u201d.<\/p>\n\n\n\n<p>Al respecto, la&nbsp;<a href=\"http:\/\/servicios.infoleg.gob.ar\/infolegInternet\/anexos\/25000-29999\/25552\/texact.htm\" rel=\"noreferrer noopener\" target=\"_blank\">Ley 20.744<\/a>&nbsp;de Contrato de Trabajo dispone en su Art. 166 que \u201cen los d\u00edas feriados nacionales rigen las normas legales sobre el descanso dominical\u201d, al tiempo que agrega: \u201cEn caso que presten servicios en tales d\u00edas, cobrar\u00e1n remuneraci\u00f3n normal de los d\u00edas laborales m\u00e1s una cantidad igual\u201d.<\/p>\n\n\n\n<p>Por tanto, si bien no es obligatorio para el trabajador prestar servicios, aquellos empleados que decidan de com\u00fan acuerdo con el empleador desempe\u00f1ar sus tareas normalmente ese d\u00eda se les deber\u00e1 liquidar un jornal adicional. Asimismo, recordamos que los propietarios no est\u00e1n obligados a cerrar los establecimientos.\n\n<\/p>\n","protected":false},"excerpt":{"rendered":"<p>Volvemos a compartir desde el Centro de Comercio e Industria esta informaci\u00f3n recibida a trav\u00e9s de la Confederaci\u00f3n Argentina de la Mediana Empresa (CAME). Se informa a las entidades signatarias del CCT 130\/75 han firmado un acuerdo convencional a trav\u00e9s del cual se determin\u00f3 que este a\u00f1o la jornada no laborable del D\u00eda del Empleado [&hellip;]<\/p>\n","protected":false},"author":4,"featured_media":60290,"comment_status":"open","ping_status":"closed","sticky":false,"template":"","format":"standard","meta":{"om_disable_all_campaigns":false,"_jetpack_memberships_contains_paid_content":false,"footnotes":""},"categories":[101,2],"tags":[],"class_list":["post-60289","post","type-post","status-publish","format-standard","has-post-thumbnail","hentry","category-interes-general-locales","category-locales"],"aioseo_notices":[],"gutentor_comment":0,"jetpack_featured_media_url":"https:\/\/eldiariodesanpedro.com.ar\/sitio\/wp-content\/uploads\/2019\/09\/dia-del-empleado-de-comercio-1280x720.jpg","jetpack_shortlink":"https:\/\/wp.me\/p6RhLt-fGp","jetpack_sharing_enabled":true,"_links":{"self":[{"href":"https:\/\/eldiariodesanpedro.com.ar\/sitio\/wp-json\/wp\/v2\/posts\/60289","targetHints":{"allow":["GET"]}}],"collection":[{"href":"https:\/\/eldiariodesanpedro.com.ar\/sitio\/wp-json\/wp\/v2\/posts"}],"about":[{"href":"https:\/\/eldiariodesanpedro.com.ar\/sitio\/wp-json\/wp\/v2\/types\/post"}],"author":[{"embeddable":true,"href":"https:\/\/eldiariodesanpedro.com.ar\/sitio\/wp-json\/wp\/v2\/users\/4"}],"replies":[{"embeddable":true,"href":"https:\/\/eldiariodesanpedro.com.ar\/sitio\/wp-json\/wp\/v2\/comments?post=60289"}],"version-history":[{"count":1,"href":"https:\/\/eldiariodesanpedro.com.ar\/sitio\/wp-json\/wp\/v2\/posts\/60289\/revisions"}],"predecessor-version":[{"id":60291,"href":"https:\/\/eldiariodesanpedro.com.ar\/sitio\/wp-json\/wp\/v2\/posts\/60289\/revisions\/60291"}],"wp:featuredmedia":[{"embeddable":true,"href":"https:\/\/eldiariodesanpedro.com.ar\/sitio\/wp-json\/wp\/v2\/media\/60290"}],"wp:attachment":[{"href":"https:\/\/eldiariodesanpedro.com.ar\/sitio\/wp-json\/wp\/v2\/media?parent=60289"}],"wp:term":[{"taxonomy":"category","embeddable":true,"href":"https:\/\/eldiariodesanpedro.com.ar\/sitio\/wp-json\/wp\/v2\/categories?post=60289"},{"taxonomy":"post_tag","embeddable":true,"href":"https:\/\/eldiariodesanpedro.com.ar\/sitio\/wp-json\/wp\/v2\/tags?post=60289"}],"curies":[{"name":"wp","href":"https:\/\/api.w.org\/{rel}","templated":true}]}}