{"id":60283,"date":"2019-09-19T08:44:25","date_gmt":"2019-09-19T11:44:25","guid":{"rendered":"https:\/\/eldiariodesanpedro.com.ar\/sitio\/?p=60283"},"modified":"2019-09-19T08:44:29","modified_gmt":"2019-09-19T11:44:29","slug":"escuchar-para-proyectar-la-propuesta-de-ester-noat","status":"publish","type":"post","link":"https:\/\/eldiariodesanpedro.com.ar\/sitio\/escuchar-para-proyectar-la-propuesta-de-ester-noat\/","title":{"rendered":"Escuchar para proyectar: la propuesta de Ester Noat"},"content":{"rendered":"<!-- VideographyWP Plugin Message: Automatic video embedding prevented by plugin options. -->\n\n<p>La campa\u00f1a de la  intendenta del Frente de Todos incluye la organizaci\u00f3n de Encuentros de Participaci\u00f3n y Reflexi\u00f3n con ciudadanos. El objetivo es tomar nota de las necesidades de la poblaci\u00f3n para planificar. Ya se hicieron dos con j\u00f3venes, uno con jubilados y este pr\u00f3ximo s\u00e1bado a las 14,30 hs en la sede de Belgrano 1375, ser\u00e1 el turno de las mujeres. <\/p>\n\n\n\n<p>Una serie de encuentros participativos forman parte de la campa\u00f1a a la intendencia que lleva adelante el Frente de Todos a nivel local, encabezado por Ester Noat. Desde hace m\u00e1s de un mes se iniciaron estas reuniones que se organizan para brindar un espacio en el que los candidatos puedan conocer las inquietudes y las problem\u00e1ticas de distintos sectores de la sociedad, as\u00ed como delinear propuestas y soluciones.<\/p>\n\n\n\n<p> El primer encuentro fue de j\u00f3venes y el resultado tan enriquecedor que el pasado s\u00e1bado se repiti\u00f3 en el local de Belgrano 1375. All\u00ed chicas y chicos de entre trece y veintitantos a\u00f1os intercambiaron opiniones sobre educaci\u00f3n, trabajo y seguridad. Tambi\u00e9n compartieron una reflexi\u00f3n acerca del rol de la juventud en la comunidad y su relaci\u00f3n con los adultos. Varios de ellos destacaron la figura de Ester por ser la candidata que presenta propuestas de pol\u00edticas p\u00fablicas que promueven la inclusi\u00f3n de los j\u00f3venes. <\/p>\n\n\n\n<p>Estos espacios de encuentro incluyeron tambi\u00e9n a los jubilados, uno de los sectores m\u00e1s golpeados por las crisis y por las pol\u00edticas de ajuste de los \u00faltimos a\u00f1os. Entre las conclusiones de esa reuni\u00f3n se encuentran tem\u00e1ticas como la salud, la organizaci\u00f3n social y la garant\u00eda de los derechos de los adultos mayores.<\/p>\n\n\n\n<p>El pr\u00f3ximo s\u00e1bado a las 14,30 hs se realizar\u00e1 un encuentro para mujeres. \u201cLa intenci\u00f3n es ofrecer un espacio para reflexionar pero tambi\u00e9n para organizarse, para trabajar para una comunidad que nos incluya y respete\u201d, dicen desde el Frente que a nivel nacional llevan como candidatos a Alberto y Cristina Fern\u00e1ndez, y en la provincia a Axel Kicillof.<\/p>\n\n\n\n<ul class=\"wp-block-gallery columns-3 is-cropped wp-block-gallery-1 is-layout-flex wp-block-gallery-is-layout-flex\"><li class=\"blocks-gallery-item\"><figure><img decoding=\"async\" width=\"1024\" height=\"682\" data-attachment-id=\"60284\" data-permalink=\"https:\/\/eldiariodesanpedro.com.ar\/sitio\/escuchar-para-proyectar-la-propuesta-de-ester-noat\/whatsapp-image-2019-09-18-at-7-08-21-pm-1\/\" data-orig-file=\"https:\/\/eldiariodesanpedro.com.ar\/sitio\/wp-content\/uploads\/2019\/09\/WhatsApp-Image-2019-09-18-at-7.08.21-PM-1.jpeg\" data-orig-size=\"1280,853\" data-comments-opened=\"1\" data-image-meta=\"{&quot;aperture&quot;:&quot;0&quot;,&quot;credit&quot;:&quot;&quot;,&quot;camera&quot;:&quot;&quot;,&quot;caption&quot;:&quot;&quot;,&quot;created_timestamp&quot;:&quot;0&quot;,&quot;copyright&quot;:&quot;&quot;,&quot;focal_length&quot;:&quot;0&quot;,&quot;iso&quot;:&quot;0&quot;,&quot;shutter_speed&quot;:&quot;0&quot;,&quot;title&quot;:&quot;&quot;,&quot;orientation&quot;:&quot;0&quot;}\" data-image-title=\"WhatsApp Image 2019-09-18 at 7.08.21 PM (1)\" data-image-description=\"\" data-image-caption=\"\" data-large-file=\"https:\/\/eldiariodesanpedro.com.ar\/sitio\/wp-content\/uploads\/2019\/09\/WhatsApp-Image-2019-09-18-at-7.08.21-PM-1-1024x682.jpeg\" data-src=\"https:\/\/eldiariodesanpedro.com.ar\/sitio\/wp-content\/uploads\/2019\/09\/WhatsApp-Image-2019-09-18-at-7.08.21-PM-1-1024x682.jpeg\" alt=\"\" data-id=\"60284\" data-link=\"https:\/\/eldiariodesanpedro.com.ar\/sitio\/?attachment_id=60284\" class=\"wp-image-60284 lazyload\" data-srcset=\"https:\/\/eldiariodesanpedro.com.ar\/sitio\/wp-content\/uploads\/2019\/09\/WhatsApp-Image-2019-09-18-at-7.08.21-PM-1-1024x682.jpeg 1024w, https:\/\/eldiariodesanpedro.com.ar\/sitio\/wp-content\/uploads\/2019\/09\/WhatsApp-Image-2019-09-18-at-7.08.21-PM-1-300x200.jpeg 300w, https:\/\/eldiariodesanpedro.com.ar\/sitio\/wp-content\/uploads\/2019\/09\/WhatsApp-Image-2019-09-18-at-7.08.21-PM-1-768x512.jpeg 768w, https:\/\/eldiariodesanpedro.com.ar\/sitio\/wp-content\/uploads\/2019\/09\/WhatsApp-Image-2019-09-18-at-7.08.21-PM-1.jpeg 1280w\" data-sizes=\"(max-width: 1024px) 100vw, 1024px\" src=\"data:image\/svg+xml;base64,PHN2ZyB3aWR0aD0iMSIgaGVpZ2h0PSIxIiB4bWxucz0iaHR0cDovL3d3dy53My5vcmcvMjAwMC9zdmciPjwvc3ZnPg==\" style=\"--smush-placeholder-width: 1024px; --smush-placeholder-aspect-ratio: 1024\/682;\" \/><\/figure><\/li><li class=\"blocks-gallery-item\"><figure><img decoding=\"async\" width=\"1024\" height=\"666\" data-attachment-id=\"60285\" data-permalink=\"https:\/\/eldiariodesanpedro.com.ar\/sitio\/escuchar-para-proyectar-la-propuesta-de-ester-noat\/whatsapp-image-2019-09-18-at-7-08-21-pm\/\" data-orig-file=\"https:\/\/eldiariodesanpedro.com.ar\/sitio\/wp-content\/uploads\/2019\/09\/WhatsApp-Image-2019-09-18-at-7.08.21-PM.jpeg\" data-orig-size=\"1280,833\" data-comments-opened=\"1\" data-image-meta=\"{&quot;aperture&quot;:&quot;0&quot;,&quot;credit&quot;:&quot;&quot;,&quot;camera&quot;:&quot;&quot;,&quot;caption&quot;:&quot;&quot;,&quot;created_timestamp&quot;:&quot;0&quot;,&quot;copyright&quot;:&quot;&quot;,&quot;focal_length&quot;:&quot;0&quot;,&quot;iso&quot;:&quot;0&quot;,&quot;shutter_speed&quot;:&quot;0&quot;,&quot;title&quot;:&quot;&quot;,&quot;orientation&quot;:&quot;0&quot;}\" data-image-title=\"WhatsApp Image 2019-09-18 at 7.08.21 PM\" data-image-description=\"\" data-image-caption=\"\" data-large-file=\"https:\/\/eldiariodesanpedro.com.ar\/sitio\/wp-content\/uploads\/2019\/09\/WhatsApp-Image-2019-09-18-at-7.08.21-PM-1024x666.jpeg\" data-src=\"https:\/\/eldiariodesanpedro.com.ar\/sitio\/wp-content\/uploads\/2019\/09\/WhatsApp-Image-2019-09-18-at-7.08.21-PM-1024x666.jpeg\" alt=\"\" data-id=\"60285\" data-link=\"https:\/\/eldiariodesanpedro.com.ar\/sitio\/?attachment_id=60285\" class=\"wp-image-60285 lazyload\" data-srcset=\"https:\/\/eldiariodesanpedro.com.ar\/sitio\/wp-content\/uploads\/2019\/09\/WhatsApp-Image-2019-09-18-at-7.08.21-PM-1024x666.jpeg 1024w, https:\/\/eldiariodesanpedro.com.ar\/sitio\/wp-content\/uploads\/2019\/09\/WhatsApp-Image-2019-09-18-at-7.08.21-PM-300x195.jpeg 300w, https:\/\/eldiariodesanpedro.com.ar\/sitio\/wp-content\/uploads\/2019\/09\/WhatsApp-Image-2019-09-18-at-7.08.21-PM-768x500.jpeg 768w, https:\/\/eldiariodesanpedro.com.ar\/sitio\/wp-content\/uploads\/2019\/09\/WhatsApp-Image-2019-09-18-at-7.08.21-PM.jpeg 1280w\" data-sizes=\"(max-width: 1024px) 100vw, 1024px\" src=\"data:image\/svg+xml;base64,PHN2ZyB3aWR0aD0iMSIgaGVpZ2h0PSIxIiB4bWxucz0iaHR0cDovL3d3dy53My5vcmcvMjAwMC9zdmciPjwvc3ZnPg==\" style=\"--smush-placeholder-width: 1024px; --smush-placeholder-aspect-ratio: 1024\/666;\" \/><\/figure><\/li><li class=\"blocks-gallery-item\"><figure><img decoding=\"async\" width=\"1024\" height=\"768\" data-attachment-id=\"60286\" data-permalink=\"https:\/\/eldiariodesanpedro.com.ar\/sitio\/escuchar-para-proyectar-la-propuesta-de-ester-noat\/whatsapp-image-2019-09-18-at-7-08-31-pm-1\/\" data-orig-file=\"https:\/\/eldiariodesanpedro.com.ar\/sitio\/wp-content\/uploads\/2019\/09\/WhatsApp-Image-2019-09-18-at-7.08.31-PM-1.jpeg\" data-orig-size=\"1280,960\" data-comments-opened=\"1\" data-image-meta=\"{&quot;aperture&quot;:&quot;0&quot;,&quot;credit&quot;:&quot;&quot;,&quot;camera&quot;:&quot;&quot;,&quot;caption&quot;:&quot;&quot;,&quot;created_timestamp&quot;:&quot;0&quot;,&quot;copyright&quot;:&quot;&quot;,&quot;focal_length&quot;:&quot;0&quot;,&quot;iso&quot;:&quot;0&quot;,&quot;shutter_speed&quot;:&quot;0&quot;,&quot;title&quot;:&quot;&quot;,&quot;orientation&quot;:&quot;0&quot;}\" data-image-title=\"WhatsApp Image 2019-09-18 at 7.08.31 PM (1)\" data-image-description=\"\" data-image-caption=\"\" data-large-file=\"https:\/\/eldiariodesanpedro.com.ar\/sitio\/wp-content\/uploads\/2019\/09\/WhatsApp-Image-2019-09-18-at-7.08.31-PM-1-1024x768.jpeg\" data-src=\"https:\/\/eldiariodesanpedro.com.ar\/sitio\/wp-content\/uploads\/2019\/09\/WhatsApp-Image-2019-09-18-at-7.08.31-PM-1-1024x768.jpeg\" alt=\"\" data-id=\"60286\" data-link=\"https:\/\/eldiariodesanpedro.com.ar\/sitio\/?attachment_id=60286\" class=\"wp-image-60286 lazyload\" data-srcset=\"https:\/\/eldiariodesanpedro.com.ar\/sitio\/wp-content\/uploads\/2019\/09\/WhatsApp-Image-2019-09-18-at-7.08.31-PM-1-1024x768.jpeg 1024w, https:\/\/eldiariodesanpedro.com.ar\/sitio\/wp-content\/uploads\/2019\/09\/WhatsApp-Image-2019-09-18-at-7.08.31-PM-1-300x225.jpeg 300w, https:\/\/eldiariodesanpedro.com.ar\/sitio\/wp-content\/uploads\/2019\/09\/WhatsApp-Image-2019-09-18-at-7.08.31-PM-1-768x576.jpeg 768w, https:\/\/eldiariodesanpedro.com.ar\/sitio\/wp-content\/uploads\/2019\/09\/WhatsApp-Image-2019-09-18-at-7.08.31-PM-1.jpeg 1280w\" data-sizes=\"(max-width: 1024px) 100vw, 1024px\" src=\"data:image\/svg+xml;base64,PHN2ZyB3aWR0aD0iMSIgaGVpZ2h0PSIxIiB4bWxucz0iaHR0cDovL3d3dy53My5vcmcvMjAwMC9zdmciPjwvc3ZnPg==\" style=\"--smush-placeholder-width: 1024px; --smush-placeholder-aspect-ratio: 1024\/768;\" \/><\/figure><\/li><li class=\"blocks-gallery-item\"><figure><img decoding=\"async\" width=\"1024\" height=\"768\" data-attachment-id=\"60287\" data-permalink=\"https:\/\/eldiariodesanpedro.com.ar\/sitio\/escuchar-para-proyectar-la-propuesta-de-ester-noat\/whatsapp-image-2019-09-18-at-7-08-31-pm\/\" data-orig-file=\"https:\/\/eldiariodesanpedro.com.ar\/sitio\/wp-content\/uploads\/2019\/09\/WhatsApp-Image-2019-09-18-at-7.08.31-PM.jpeg\" data-orig-size=\"1280,960\" data-comments-opened=\"1\" data-image-meta=\"{&quot;aperture&quot;:&quot;0&quot;,&quot;credit&quot;:&quot;&quot;,&quot;camera&quot;:&quot;&quot;,&quot;caption&quot;:&quot;&quot;,&quot;created_timestamp&quot;:&quot;0&quot;,&quot;copyright&quot;:&quot;&quot;,&quot;focal_length&quot;:&quot;0&quot;,&quot;iso&quot;:&quot;0&quot;,&quot;shutter_speed&quot;:&quot;0&quot;,&quot;title&quot;:&quot;&quot;,&quot;orientation&quot;:&quot;0&quot;}\" data-image-title=\"WhatsApp Image 2019-09-18 at 7.08.31 PM\" data-image-description=\"\" data-image-caption=\"\" data-large-file=\"https:\/\/eldiariodesanpedro.com.ar\/sitio\/wp-content\/uploads\/2019\/09\/WhatsApp-Image-2019-09-18-at-7.08.31-PM-1024x768.jpeg\" data-src=\"https:\/\/eldiariodesanpedro.com.ar\/sitio\/wp-content\/uploads\/2019\/09\/WhatsApp-Image-2019-09-18-at-7.08.31-PM-1024x768.jpeg\" alt=\"\" data-id=\"60287\" data-link=\"https:\/\/eldiariodesanpedro.com.ar\/sitio\/?attachment_id=60287\" class=\"wp-image-60287 lazyload\" data-srcset=\"https:\/\/eldiariodesanpedro.com.ar\/sitio\/wp-content\/uploads\/2019\/09\/WhatsApp-Image-2019-09-18-at-7.08.31-PM-1024x768.jpeg 1024w, https:\/\/eldiariodesanpedro.com.ar\/sitio\/wp-content\/uploads\/2019\/09\/WhatsApp-Image-2019-09-18-at-7.08.31-PM-300x225.jpeg 300w, https:\/\/eldiariodesanpedro.com.ar\/sitio\/wp-content\/uploads\/2019\/09\/WhatsApp-Image-2019-09-18-at-7.08.31-PM-768x576.jpeg 768w, https:\/\/eldiariodesanpedro.com.ar\/sitio\/wp-content\/uploads\/2019\/09\/WhatsApp-Image-2019-09-18-at-7.08.31-PM.jpeg 1280w\" data-sizes=\"(max-width: 1024px) 100vw, 1024px\" src=\"data:image\/svg+xml;base64,PHN2ZyB3aWR0aD0iMSIgaGVpZ2h0PSIxIiB4bWxucz0iaHR0cDovL3d3dy53My5vcmcvMjAwMC9zdmciPjwvc3ZnPg==\" style=\"--smush-placeholder-width: 1024px; --smush-placeholder-aspect-ratio: 1024\/768;\" \/><\/figure><\/li><\/ul>\n","protected":false},"excerpt":{"rendered":"<p>La campa\u00f1a de la intendenta del Frente de Todos incluye la organizaci\u00f3n de Encuentros de Participaci\u00f3n y Reflexi\u00f3n con ciudadanos. El objetivo es tomar nota de las necesidades de la poblaci\u00f3n para planificar. Ya se hicieron dos con j\u00f3venes, uno con jubilados y este pr\u00f3ximo s\u00e1bado a las 14,30 hs en la sede de Belgrano [&hellip;]<\/p>\n","protected":false},"author":4,"featured_media":60284,"comment_status":"open","ping_status":"closed","sticky":false,"template":"","format":"standard","meta":{"om_disable_all_campaigns":false,"_jetpack_memberships_contains_paid_content":false,"footnotes":""},"categories":[50,2,102],"tags":[],"class_list":["post-60283","post","type-post","status-publish","format-standard","has-post-thumbnail","hentry","category-destacadas","category-locales","category-politica-locales"],"aioseo_notices":[],"gutentor_comment":0,"jetpack_featured_media_url":"https:\/\/eldiariodesanpedro.com.ar\/sitio\/wp-content\/uploads\/2019\/09\/WhatsApp-Image-2019-09-18-at-7.08.21-PM-1.jpeg","jetpack_shortlink":"https:\/\/wp.me\/p6RhLt-fGj","jetpack_sharing_enabled":true,"_links":{"self":[{"href":"https:\/\/eldiariodesanpedro.com.ar\/sitio\/wp-json\/wp\/v2\/posts\/60283","targetHints":{"allow":["GET"]}}],"collection":[{"href":"https:\/\/eldiariodesanpedro.com.ar\/sitio\/wp-json\/wp\/v2\/posts"}],"about":[{"href":"https:\/\/eldiariodesanpedro.com.ar\/sitio\/wp-json\/wp\/v2\/types\/post"}],"author":[{"embeddable":true,"href":"https:\/\/eldiariodesanpedro.com.ar\/sitio\/wp-json\/wp\/v2\/users\/4"}],"replies":[{"embeddable":true,"href":"https:\/\/eldiariodesanpedro.com.ar\/sitio\/wp-json\/wp\/v2\/comments?post=60283"}],"version-history":[{"count":1,"href":"https:\/\/eldiariodesanpedro.com.ar\/sitio\/wp-json\/wp\/v2\/posts\/60283\/revisions"}],"predecessor-version":[{"id":60288,"href":"https:\/\/eldiariodesanpedro.com.ar\/sitio\/wp-json\/wp\/v2\/posts\/60283\/revisions\/60288"}],"wp:featuredmedia":[{"embeddable":true,"href":"https:\/\/eldiariodesanpedro.com.ar\/sitio\/wp-json\/wp\/v2\/media\/60284"}],"wp:attachment":[{"href":"https:\/\/eldiariodesanpedro.com.ar\/sitio\/wp-json\/wp\/v2\/media?parent=60283"}],"wp:term":[{"taxonomy":"category","embeddable":true,"href":"https:\/\/eldiariodesanpedro.com.ar\/sitio\/wp-json\/wp\/v2\/categories?post=60283"},{"taxonomy":"post_tag","embeddable":true,"href":"https:\/\/eldiariodesanpedro.com.ar\/sitio\/wp-json\/wp\/v2\/tags?post=60283"}],"curies":[{"name":"wp","href":"https:\/\/api.w.org\/{rel}","templated":true}]}}