{"id":60277,"date":"2019-09-18T19:28:07","date_gmt":"2019-09-18T22:28:07","guid":{"rendered":"https:\/\/eldiariodesanpedro.com.ar\/sitio\/?p=60277"},"modified":"2019-09-18T19:28:11","modified_gmt":"2019-09-18T22:28:11","slug":"baradero-denuncian-a-una-profesional-del-hospital-por-mala-praxis","status":"publish","type":"post","link":"https:\/\/eldiariodesanpedro.com.ar\/sitio\/baradero-denuncian-a-una-profesional-del-hospital-por-mala-praxis\/","title":{"rendered":"BARADERO: Denuncian a una profesional del hospital por mala praxis"},"content":{"rendered":"<!-- VideographyWP Plugin Message: Automatic video embedding prevented by plugin options. -->\n\n<p>Antonella Troncoso lleg\u00f3 al hospital municipal para tener a su peque\u00f1a hija, a quien ya hab\u00edan decidido llamar Roma C\u00e1ceres.<\/p>\n\n\n\n<p>Aparentemente despu\u00e9s de un embarazo normal los hechos se precipitaron al momento del parto.<\/p>\n\n\n\n<p>Candela Troncoso, hermana de Antonella y t\u00eda de Roma, en dialogo con BTI cont\u00f3 a manera de denuncia p\u00fablica como sucedieron los hechos:<\/p>\n\n\n\n<p><strong><em>\u00abBueno sucede que el d\u00eda lunes, a la noche, mi hermana lleg\u00f3 con 7 cent\u00edmetros de dilataci\u00f3n al hospital LINO PI\u00d1EIRO, donde tardaron mucho en atenderla y ella casi tiene a la beb\u00e9 en la habitaci\u00f3n, se les re\u00edan en la cara las enfermeras por sus dolores como si ella exagerar\u00e1, la monitorearon y la beba lat\u00eda, se mov\u00eda en todo momento, la llevaron a la sala de parto y como la beba ya iba a salir mi hermana s\u00f3lo tuvo que hacer 3 pujadas.\u00bb&nbsp;<\/em><\/strong>y agreg\u00f3:&nbsp;<strong><em>\u00abLa beba no llor\u00f3 al parecer de tanto que tardaron la beba trag\u00f3 l\u00edquido y en estos casos se hace una aspiraci\u00f3n a la beb\u00e9, pero ellos no hicieron nada y adem\u00e1s no intentaron siquiera reanimar bien a la beba, la obstetra luego de dar la noticia a mi hermana de que su hija que tanto anhelaba hab\u00eda fallecido por incompetencia de ellos le dice a mi hermana \u00abes tu culpa que tu hija se haya muerto\u00bb la beba estaba perfecta y ahora se lavan las manos e inventan que la beba lleg\u00f3 muerta al hospital cuando la beba la lucho hasta el final por sobrevivir.\u00bb<\/em><\/strong><\/p>\n\n\n\n<p>Por \u00faltimo Candela asegur\u00f3:&nbsp;<strong><em>\u00abLa historia cl\u00ednica dice mentiras en todo momento, y quieren hacer ver a mi hermana como mentirosa, ya la le\u00edmos y todos se lavaron las manos ah\u00ed.\u00bb<\/em><\/strong><\/p>\n\n\n\n<p>La familia Troncoso realiz\u00f3 por las redes sociales un pedido de justicia por la peque\u00f1a, que tuvo esta ma\u00f1ana cristiana sepultura, desde BTI consultamos fuentes de la fiscalia de nuestra ciudad y todav\u00eda no se realiz\u00f3 la denuncia judicial correspondiente.<\/p>\n\n\n\n<p>FUENTE BARADERO TE INFORMA<\/p>\n","protected":false},"excerpt":{"rendered":"<p>Antonella Troncoso lleg\u00f3 al hospital municipal para tener a su peque\u00f1a hija, a quien ya hab\u00edan decidido llamar Roma C\u00e1ceres. Aparentemente despu\u00e9s de un embarazo normal los hechos se precipitaron al momento del parto. Candela Troncoso, hermana de Antonella y t\u00eda de Roma, en dialogo con BTI cont\u00f3 a manera de denuncia p\u00fablica como sucedieron [&hellip;]<\/p>\n","protected":false},"author":4,"featured_media":60278,"comment_status":"open","ping_status":"closed","sticky":false,"template":"","format":"standard","meta":{"om_disable_all_campaigns":false,"_jetpack_memberships_contains_paid_content":false,"footnotes":""},"categories":[621],"tags":[],"class_list":["post-60277","post","type-post","status-publish","format-standard","has-post-thumbnail","hentry","category-regionales"],"aioseo_notices":[],"gutentor_comment":0,"jetpack_featured_media_url":"https:\/\/eldiariodesanpedro.com.ar\/sitio\/wp-content\/uploads\/2019\/09\/resize_1548808939.jpg","jetpack_shortlink":"https:\/\/wp.me\/p6RhLt-fGd","jetpack_sharing_enabled":true,"_links":{"self":[{"href":"https:\/\/eldiariodesanpedro.com.ar\/sitio\/wp-json\/wp\/v2\/posts\/60277","targetHints":{"allow":["GET"]}}],"collection":[{"href":"https:\/\/eldiariodesanpedro.com.ar\/sitio\/wp-json\/wp\/v2\/posts"}],"about":[{"href":"https:\/\/eldiariodesanpedro.com.ar\/sitio\/wp-json\/wp\/v2\/types\/post"}],"author":[{"embeddable":true,"href":"https:\/\/eldiariodesanpedro.com.ar\/sitio\/wp-json\/wp\/v2\/users\/4"}],"replies":[{"embeddable":true,"href":"https:\/\/eldiariodesanpedro.com.ar\/sitio\/wp-json\/wp\/v2\/comments?post=60277"}],"version-history":[{"count":1,"href":"https:\/\/eldiariodesanpedro.com.ar\/sitio\/wp-json\/wp\/v2\/posts\/60277\/revisions"}],"predecessor-version":[{"id":60279,"href":"https:\/\/eldiariodesanpedro.com.ar\/sitio\/wp-json\/wp\/v2\/posts\/60277\/revisions\/60279"}],"wp:featuredmedia":[{"embeddable":true,"href":"https:\/\/eldiariodesanpedro.com.ar\/sitio\/wp-json\/wp\/v2\/media\/60278"}],"wp:attachment":[{"href":"https:\/\/eldiariodesanpedro.com.ar\/sitio\/wp-json\/wp\/v2\/media?parent=60277"}],"wp:term":[{"taxonomy":"category","embeddable":true,"href":"https:\/\/eldiariodesanpedro.com.ar\/sitio\/wp-json\/wp\/v2\/categories?post=60277"},{"taxonomy":"post_tag","embeddable":true,"href":"https:\/\/eldiariodesanpedro.com.ar\/sitio\/wp-json\/wp\/v2\/tags?post=60277"}],"curies":[{"name":"wp","href":"https:\/\/api.w.org\/{rel}","templated":true}]}}