{"id":60274,"date":"2019-09-18T18:57:52","date_gmt":"2019-09-18T21:57:52","guid":{"rendered":"https:\/\/eldiariodesanpedro.com.ar\/sitio\/?p=60274"},"modified":"2019-09-18T18:57:57","modified_gmt":"2019-09-18T21:57:57","slug":"violencia-de-genero-le-dio-una-golpiza-a-su-pareja","status":"publish","type":"post","link":"https:\/\/eldiariodesanpedro.com.ar\/sitio\/violencia-de-genero-le-dio-una-golpiza-a-su-pareja\/","title":{"rendered":"Violencia de G\u00e9nero: Le dio una golpiza a su pareja"},"content":{"rendered":"<!-- VideographyWP Plugin Message: Automatic video embedding prevented by plugin options. -->\n\n<p>Este martes se produjo un aberrante hecho de violencia de g\u00e9nero, la v\u00edctima siendo una mujer de 35 a\u00f1os, fue brutalmente golpeada por su pareja, un hombre de 44, quien logr\u00f3 provocarle una fractura en el tabique nasal. <\/p>\n\n\n\n<p>El brutal episodio se produjo, en una vivienda de calle San Lorenzo al 1700.<\/p>\n\n\n\n<p>El agresor atac\u00f3 a su pareja quien como consecuencia de la golpiza, la v\u00edctima sufri\u00f3 una fractura del tabique nasal.<\/p>\n\n\n\n<p>El personal policial fue alertado y tras r\u00e1pido accionar logra llegar al momento que se estaba produciendo el hecho, fue aprehendido r\u00e1pidamente y trasladado a la dependencia local.<\/p>\n\n\n\n<p>En su poder tambi\u00e9n se le secuestr\u00f3 un celular propiedad de la v\u00edctima.<\/p>\n\n\n\n<p>Tom\u00f3 intervenci\u00f3n la UFI 11, a cargo de la Dra. Viviana Ramos.<\/p>\n\n\n\n<p>La mujer fue asistida en el nosocomio local y tomo intervenci\u00f3n la Comisario de la Mujer y Familia.<\/p>\n\n\n\n<p>\n\nLa L\u00ednea 144 brinda atenci\u00f3n telef\u00f3nica especializada a mujeres v\u00edctimas de&nbsp;<strong>violencia de g\u00e9nero<\/strong>&nbsp;durante las 24 horas, los 365 d\u00edas del a\u00f1o.\n\n<\/p>\n","protected":false},"excerpt":{"rendered":"<p>Este martes se produjo un aberrante hecho de violencia de g\u00e9nero, la v\u00edctima siendo una mujer de 35 a\u00f1os, fue brutalmente golpeada por su pareja, un hombre de 44, quien logr\u00f3 provocarle una fractura en el tabique nasal. El brutal episodio se produjo, en una vivienda de calle San Lorenzo al 1700. El agresor atac\u00f3 [&hellip;]<\/p>\n","protected":false},"author":4,"featured_media":60275,"comment_status":"open","ping_status":"closed","sticky":false,"template":"","format":"standard","meta":{"om_disable_all_campaigns":false,"_jetpack_memberships_contains_paid_content":false,"footnotes":""},"categories":[50,2,103],"tags":[],"class_list":["post-60274","post","type-post","status-publish","format-standard","has-post-thumbnail","hentry","category-destacadas","category-locales","category-policiales-locales"],"aioseo_notices":[],"gutentor_comment":0,"jetpack_featured_media_url":"https:\/\/eldiariodesanpedro.com.ar\/sitio\/wp-content\/uploads\/2019\/09\/132327_1555073490.jpg","jetpack_shortlink":"https:\/\/wp.me\/p6RhLt-fGa","jetpack_sharing_enabled":true,"_links":{"self":[{"href":"https:\/\/eldiariodesanpedro.com.ar\/sitio\/wp-json\/wp\/v2\/posts\/60274","targetHints":{"allow":["GET"]}}],"collection":[{"href":"https:\/\/eldiariodesanpedro.com.ar\/sitio\/wp-json\/wp\/v2\/posts"}],"about":[{"href":"https:\/\/eldiariodesanpedro.com.ar\/sitio\/wp-json\/wp\/v2\/types\/post"}],"author":[{"embeddable":true,"href":"https:\/\/eldiariodesanpedro.com.ar\/sitio\/wp-json\/wp\/v2\/users\/4"}],"replies":[{"embeddable":true,"href":"https:\/\/eldiariodesanpedro.com.ar\/sitio\/wp-json\/wp\/v2\/comments?post=60274"}],"version-history":[{"count":1,"href":"https:\/\/eldiariodesanpedro.com.ar\/sitio\/wp-json\/wp\/v2\/posts\/60274\/revisions"}],"predecessor-version":[{"id":60276,"href":"https:\/\/eldiariodesanpedro.com.ar\/sitio\/wp-json\/wp\/v2\/posts\/60274\/revisions\/60276"}],"wp:featuredmedia":[{"embeddable":true,"href":"https:\/\/eldiariodesanpedro.com.ar\/sitio\/wp-json\/wp\/v2\/media\/60275"}],"wp:attachment":[{"href":"https:\/\/eldiariodesanpedro.com.ar\/sitio\/wp-json\/wp\/v2\/media?parent=60274"}],"wp:term":[{"taxonomy":"category","embeddable":true,"href":"https:\/\/eldiariodesanpedro.com.ar\/sitio\/wp-json\/wp\/v2\/categories?post=60274"},{"taxonomy":"post_tag","embeddable":true,"href":"https:\/\/eldiariodesanpedro.com.ar\/sitio\/wp-json\/wp\/v2\/tags?post=60274"}],"curies":[{"name":"wp","href":"https:\/\/api.w.org\/{rel}","templated":true}]}}