{"id":60270,"date":"2019-09-18T18:42:18","date_gmt":"2019-09-18T21:42:18","guid":{"rendered":"https:\/\/eldiariodesanpedro.com.ar\/sitio\/?p=60270"},"modified":"2019-09-18T18:42:22","modified_gmt":"2019-09-18T21:42:22","slug":"ctera-anuncio-un-paro-nacional-docente-para-manana-por-la-muerte-de-las-dos-maestras-de-chubut","status":"publish","type":"post","link":"https:\/\/eldiariodesanpedro.com.ar\/sitio\/ctera-anuncio-un-paro-nacional-docente-para-manana-por-la-muerte-de-las-dos-maestras-de-chubut\/","title":{"rendered":"Ctera anunci\u00f3 un paro nacional docente para ma\u00f1ana por la muerte de las dos maestras de Chubut"},"content":{"rendered":"<!-- VideographyWP Plugin Message: Automatic video embedding prevented by plugin options. -->\n\n<p><a href=\"https:\/\/www.infobae.com\/sociedad\/2019\/09\/17\/chubut-dos-maestras-que-regresaban-de-una-marcha-murieron-en-un-accidente-y-hubo-graves-incidentes-frente-a-la-legislatura\/\" target=\"_blank\" rel=\"noreferrer noopener\">Tras la muerte de las dos maestras chubutenses<\/a>,&nbsp;<strong>Ctera defini\u00f3 un paro docente de 24 horas a nivel nacional.<\/strong>&nbsp;Ma\u00f1ana jueves no habr\u00e1 clase en muchas escuelas p\u00fablicas del pa\u00eds.<\/p>\n\n\n\n<p>La medida de fuerza fue anunciada en conferencia de prensa como resoluci\u00f3n al conflicto en Chubut. Adem\u00e1s, el gremio mayoritario del sector&nbsp;<strong>plante\u00f3 para hoy una jornada de duelo en recuerdo a las maestras fallecidas.<\/strong><\/p>\n\n\n\n<p>Ayer dos maestras murieron en un accidente en la Ruta 3 cuando regresaban desde Rawson hacia Comodoro Rivadavia tras participar de un plenario y una movilizaci\u00f3n en reclamo de salarios adeudados.<\/p>\n\n\n\n<p><br>Las v\u00edctimas fueron identificadas como Jorgelina Ru\u00edz D\u00edaz y Mar\u00eda Cristina Aguilar, ambas docentes de la escuela secundaria 738 de Comodoro Rivadavia. Una de ellas falleci\u00f3 en el acto y la otra, camino al hospital.<\/p>\n\n\n\n<p><strong>Es el segundo paro nacional convocado por Ctera por el conflicto en Chubut<\/strong>. Dos semanas atr\u00e1s, el gremio tambi\u00e9n defini\u00f3 una medida a ra\u00edz de las agresiones que hab\u00edan sufrido los maestros. Mientras cortaban la ruta, denuncian que una patota vinculada al sindicato de petroleros los atac\u00f3.<\/p>\n\n\n\n<p>En tanto,&nbsp;<strong>el sindicato de los maestros privados Sadop decidi\u00f3 plegarse al paro convocado por Ctera.<\/strong>&nbsp;M\u00e1s all\u00e1 de que el acatamiento en los colegios privados suele ser bajo, ma\u00f1ana se puede llegar a sentir en algunos establecimientos.<\/p>\n\n\n\n<p>En la conferencia de hoy, Roberto Baradel, secretario general de Suteba, se\u00f1al\u00f3:&nbsp;<strong>\u00abNo puede seguir una semana m\u00e1s este conflicto. Est\u00e1 en juego la paz social de la provincia<\/strong>. Es una situaci\u00f3n lamentable. Son muertes evitables. La responsabilidad es del gobierno provincial, pero tambi\u00e9n buscamos que el Estado nacional se involucre\u00bb.<\/p>\n\n\n\n<p>En esa l\u00ednea, el dirigente anunci\u00f3 que buscar\u00e1 hablar con los ministros de Educaci\u00f3n, Alejandro Finocchiaro, y del Interior, Rogelio Figerio, para intentar buscar una soluci\u00f3n al conflicto.<\/p>\n\n\n\n<p>Por su parte, Sonia Alesso, secretaria general de Ctera, dijo: \u00abPara nosotros hoy es un d\u00eda muy triste. Le exigimos al gobierno provincial y nacional una resoluci\u00f3n urgente del conflicto. Nosotros venimos advirtiendo sobre la gravedad de este conflicto y sobre la falta de respuestas.&nbsp; Hoy vamos a estar en las puertas de las escuelas con un cresp\u00f3n negro\u00bb.<\/p>\n\n\n\n<p>Fuente: Infobae<\/p>\n","protected":false},"excerpt":{"rendered":"<p>Tras la muerte de las dos maestras chubutenses,&nbsp;Ctera defini\u00f3 un paro docente de 24 horas a nivel nacional.&nbsp;Ma\u00f1ana jueves no habr\u00e1 clase en muchas escuelas p\u00fablicas del pa\u00eds. La medida de fuerza fue anunciada en conferencia de prensa como resoluci\u00f3n al conflicto en Chubut. Adem\u00e1s, el gremio mayoritario del sector&nbsp;plante\u00f3 para hoy una jornada de [&hellip;]<\/p>\n","protected":false},"author":4,"featured_media":60271,"comment_status":"open","ping_status":"closed","sticky":false,"template":"","format":"standard","meta":{"om_disable_all_campaigns":false,"_jetpack_memberships_contains_paid_content":false,"footnotes":""},"categories":[3],"tags":[],"class_list":["post-60270","post","type-post","status-publish","format-standard","has-post-thumbnail","hentry","category-nacionales"],"aioseo_notices":[],"gutentor_comment":0,"jetpack_featured_media_url":"https:\/\/eldiariodesanpedro.com.ar\/sitio\/wp-content\/uploads\/2019\/09\/0036930405.jpg","jetpack_shortlink":"https:\/\/wp.me\/p6RhLt-fG6","jetpack_sharing_enabled":true,"_links":{"self":[{"href":"https:\/\/eldiariodesanpedro.com.ar\/sitio\/wp-json\/wp\/v2\/posts\/60270","targetHints":{"allow":["GET"]}}],"collection":[{"href":"https:\/\/eldiariodesanpedro.com.ar\/sitio\/wp-json\/wp\/v2\/posts"}],"about":[{"href":"https:\/\/eldiariodesanpedro.com.ar\/sitio\/wp-json\/wp\/v2\/types\/post"}],"author":[{"embeddable":true,"href":"https:\/\/eldiariodesanpedro.com.ar\/sitio\/wp-json\/wp\/v2\/users\/4"}],"replies":[{"embeddable":true,"href":"https:\/\/eldiariodesanpedro.com.ar\/sitio\/wp-json\/wp\/v2\/comments?post=60270"}],"version-history":[{"count":1,"href":"https:\/\/eldiariodesanpedro.com.ar\/sitio\/wp-json\/wp\/v2\/posts\/60270\/revisions"}],"predecessor-version":[{"id":60272,"href":"https:\/\/eldiariodesanpedro.com.ar\/sitio\/wp-json\/wp\/v2\/posts\/60270\/revisions\/60272"}],"wp:featuredmedia":[{"embeddable":true,"href":"https:\/\/eldiariodesanpedro.com.ar\/sitio\/wp-json\/wp\/v2\/media\/60271"}],"wp:attachment":[{"href":"https:\/\/eldiariodesanpedro.com.ar\/sitio\/wp-json\/wp\/v2\/media?parent=60270"}],"wp:term":[{"taxonomy":"category","embeddable":true,"href":"https:\/\/eldiariodesanpedro.com.ar\/sitio\/wp-json\/wp\/v2\/categories?post=60270"},{"taxonomy":"post_tag","embeddable":true,"href":"https:\/\/eldiariodesanpedro.com.ar\/sitio\/wp-json\/wp\/v2\/tags?post=60270"}],"curies":[{"name":"wp","href":"https:\/\/api.w.org\/{rel}","templated":true}]}}