{"id":60267,"date":"2019-09-18T18:31:59","date_gmt":"2019-09-18T21:31:59","guid":{"rendered":"https:\/\/eldiariodesanpedro.com.ar\/sitio\/?p=60267"},"modified":"2019-09-18T18:32:04","modified_gmt":"2019-09-18T21:32:04","slug":"presentacion-de-la-jornada-por-el-dia-de-la-sanidad","status":"publish","type":"post","link":"https:\/\/eldiariodesanpedro.com.ar\/sitio\/presentacion-de-la-jornada-por-el-dia-de-la-sanidad\/","title":{"rendered":"Presentaci\u00f3n de la jornada por el D\u00eda de la Sanidad"},"content":{"rendered":"<!-- VideographyWP Plugin Message: Automatic video embedding prevented by plugin options. -->\n\n<p> La Secretar\u00eda de Salud de la Municipalidad realiz\u00f3 la presentaci\u00f3n de la jornada de actividades previstas por el D\u00eda de la Sanidad para el pr\u00f3ximo s\u00e1bado 21 de septiembre.<\/p>\n\n\n\n<p>El Secretario de Salud Guillermo Sancho brind\u00f3 detalles de todos los controles de salud gratuitos, vacunaci\u00f3n y acciones de promoci\u00f3n y prevenci\u00f3n de la salud que se llevar\u00e1n a cabo en el Paseo P\u00fablico, a partir de las 13 hs. <\/p>\n\n\n\n<p>\u00abSe instalar\u00e1n dos carpas grandes donde se hara medicion de presion arterial, glucemia, de \u00edndice de masa corporal, van a estar enfermeras, va  a ver gente del laboratorio hospital haciendo hemogramas, pca para mayores de 40 a\u00f1os y anticuerpos para detectar la enfermedad cel\u00edaca\u00bb <\/p>\n\n\n\n<p>\u00abSe van a dar turnos para la campa\u00f1a de pap, de control visual, en el marco de la campa\u00f1a usalo siempre se van a estar repartiendo preservativos de manera gratuita, se van hacer test de Hepatitis B, S\u00edfilis, HIV, se va hacer el taller de RCP para ni\u00f1os, un taller de accidentolog\u00eda, va a estar el m\u00f3vil del Departamento Canino donde se vacunar\u00e1n a los animales para la rabia, se van a estar dando pastillas para desparasitar Y se van a dar turnos para castrar\u00bb<\/p>\n\n\n\n<p>\u00abVamos a tener muchas actividades, va a ver clases de yoga, va a ver inflables ara los ni\u00f1os, payam\u00e9dicos,queremos poner en manifiesto el trabajo durante el a\u00f1o y reforzar las campa\u00f1as\u00bb.<\/p>\n","protected":false},"excerpt":{"rendered":"<p>La Secretar\u00eda de Salud de la Municipalidad realiz\u00f3 la presentaci\u00f3n de la jornada de actividades previstas por el D\u00eda de la Sanidad para el pr\u00f3ximo s\u00e1bado 21 de septiembre. El Secretario de Salud Guillermo Sancho brind\u00f3 detalles de todos los controles de salud gratuitos, vacunaci\u00f3n y acciones de promoci\u00f3n y prevenci\u00f3n de la salud que [&hellip;]<\/p>\n","protected":false},"author":4,"featured_media":60268,"comment_status":"open","ping_status":"closed","sticky":false,"template":"","format":"standard","meta":{"om_disable_all_campaigns":false,"_jetpack_memberships_contains_paid_content":false,"footnotes":""},"categories":[50,101,2],"tags":[],"class_list":["post-60267","post","type-post","status-publish","format-standard","has-post-thumbnail","hentry","category-destacadas","category-interes-general-locales","category-locales"],"aioseo_notices":[],"gutentor_comment":0,"jetpack_featured_media_url":"https:\/\/eldiariodesanpedro.com.ar\/sitio\/wp-content\/uploads\/2019\/09\/20190918_091611.jpg","jetpack_shortlink":"https:\/\/wp.me\/p6RhLt-fG3","jetpack_sharing_enabled":true,"_links":{"self":[{"href":"https:\/\/eldiariodesanpedro.com.ar\/sitio\/wp-json\/wp\/v2\/posts\/60267","targetHints":{"allow":["GET"]}}],"collection":[{"href":"https:\/\/eldiariodesanpedro.com.ar\/sitio\/wp-json\/wp\/v2\/posts"}],"about":[{"href":"https:\/\/eldiariodesanpedro.com.ar\/sitio\/wp-json\/wp\/v2\/types\/post"}],"author":[{"embeddable":true,"href":"https:\/\/eldiariodesanpedro.com.ar\/sitio\/wp-json\/wp\/v2\/users\/4"}],"replies":[{"embeddable":true,"href":"https:\/\/eldiariodesanpedro.com.ar\/sitio\/wp-json\/wp\/v2\/comments?post=60267"}],"version-history":[{"count":1,"href":"https:\/\/eldiariodesanpedro.com.ar\/sitio\/wp-json\/wp\/v2\/posts\/60267\/revisions"}],"predecessor-version":[{"id":60269,"href":"https:\/\/eldiariodesanpedro.com.ar\/sitio\/wp-json\/wp\/v2\/posts\/60267\/revisions\/60269"}],"wp:featuredmedia":[{"embeddable":true,"href":"https:\/\/eldiariodesanpedro.com.ar\/sitio\/wp-json\/wp\/v2\/media\/60268"}],"wp:attachment":[{"href":"https:\/\/eldiariodesanpedro.com.ar\/sitio\/wp-json\/wp\/v2\/media?parent=60267"}],"wp:term":[{"taxonomy":"category","embeddable":true,"href":"https:\/\/eldiariodesanpedro.com.ar\/sitio\/wp-json\/wp\/v2\/categories?post=60267"},{"taxonomy":"post_tag","embeddable":true,"href":"https:\/\/eldiariodesanpedro.com.ar\/sitio\/wp-json\/wp\/v2\/tags?post=60267"}],"curies":[{"name":"wp","href":"https:\/\/api.w.org\/{rel}","templated":true}]}}