{"id":60260,"date":"2019-09-18T12:16:54","date_gmt":"2019-09-18T15:16:54","guid":{"rendered":"https:\/\/eldiariodesanpedro.com.ar\/sitio\/?p=60260"},"modified":"2019-09-18T12:16:58","modified_gmt":"2019-09-18T15:16:58","slug":"campana-michetti-visito-campana-para-conocer-proyectos-sobre-discapacidad","status":"publish","type":"post","link":"https:\/\/eldiariodesanpedro.com.ar\/sitio\/campana-michetti-visito-campana-para-conocer-proyectos-sobre-discapacidad\/","title":{"rendered":"CAMPANA | Michetti visit\u00f3 Campana para conocer proyectos sobre discapacidad"},"content":{"rendered":"<!-- VideographyWP Plugin Message: Automatic video embedding prevented by plugin options. -->\n\n<p> La vicepresidenta de la Naci\u00f3n, junto al intendente Abella, recorri\u00f3 la f\u00e1brica de alfajores \u00abLa Lombard\u00eda\u00bb y el Instituto Imenic Virgen Ni\u00f1a.<\/p>\n\n\n\n<p>\n\nLa vicepresidenta de la Naci\u00f3n, Gabriela Michetti, visit\u00f3 este martes Campana para conocer en persona los distintos proyectos que se llevan adelante en materia de discapacidad.<\/p>\n\n\n\n<p>Primeramente, recorri\u00f3 las instalaciones de la f\u00e1brica de alfajores La Lombard\u00eda, impulsada por j\u00f3venes adultos con discapacidad, que se encuentra ubicada en Belgrano 380.<\/p>\n\n\n\n<p>Luego, Michetti visit\u00f3 el instituto Imenic Virgen Ni\u00f1a para interiorizarse en las distintas propuestas que llevan adelante a los efectos de garantizar la inclusi\u00f3n e integraci\u00f3n de las personas con discapacidad.<\/p>\n\n\n\n<p>En ambos lugares, el intendente Sebasti\u00e1n Abella acompa\u00f1\u00f3 las recorridas junto a la directora de la instituci\u00f3n, Susana Moroni.<\/p>\n\n\n\n<p>Luego de conversar con alumnos y docentes de Imenic, la Vicepresidenta se mostr\u00f3 satisfecha con que Campana cuente con este tipo de instituciones, en las que \u00abpredomina el compromiso social\u00bb.<\/p>\n\n\n\n<p>En tanto que, el Intendente le agradeci\u00f3 a Michetti por visitar la ciudad y conocer los distintos proyectos que se encaran desde las distintas instituciones. <\/p>\n\n\n\n<p>Fuente: Campana Noticias<\/p>\n","protected":false},"excerpt":{"rendered":"<p>La vicepresidenta de la Naci\u00f3n, junto al intendente Abella, recorri\u00f3 la f\u00e1brica de alfajores \u00abLa Lombard\u00eda\u00bb y el Instituto Imenic Virgen Ni\u00f1a. La vicepresidenta de la Naci\u00f3n, Gabriela Michetti, visit\u00f3 este martes Campana para conocer en persona los distintos proyectos que se llevan adelante en materia de discapacidad. Primeramente, recorri\u00f3 las instalaciones de la f\u00e1brica [&hellip;]<\/p>\n","protected":false},"author":4,"featured_media":60261,"comment_status":"open","ping_status":"closed","sticky":false,"template":"","format":"standard","meta":{"om_disable_all_campaigns":false,"_jetpack_memberships_contains_paid_content":false,"footnotes":""},"categories":[621],"tags":[],"class_list":["post-60260","post","type-post","status-publish","format-standard","has-post-thumbnail","hentry","category-regionales"],"aioseo_notices":[],"gutentor_comment":0,"jetpack_featured_media_url":"https:\/\/eldiariodesanpedro.com.ar\/sitio\/wp-content\/uploads\/2019\/09\/20190917085528.jpg","jetpack_shortlink":"https:\/\/wp.me\/p6RhLt-fFW","jetpack_sharing_enabled":true,"_links":{"self":[{"href":"https:\/\/eldiariodesanpedro.com.ar\/sitio\/wp-json\/wp\/v2\/posts\/60260","targetHints":{"allow":["GET"]}}],"collection":[{"href":"https:\/\/eldiariodesanpedro.com.ar\/sitio\/wp-json\/wp\/v2\/posts"}],"about":[{"href":"https:\/\/eldiariodesanpedro.com.ar\/sitio\/wp-json\/wp\/v2\/types\/post"}],"author":[{"embeddable":true,"href":"https:\/\/eldiariodesanpedro.com.ar\/sitio\/wp-json\/wp\/v2\/users\/4"}],"replies":[{"embeddable":true,"href":"https:\/\/eldiariodesanpedro.com.ar\/sitio\/wp-json\/wp\/v2\/comments?post=60260"}],"version-history":[{"count":1,"href":"https:\/\/eldiariodesanpedro.com.ar\/sitio\/wp-json\/wp\/v2\/posts\/60260\/revisions"}],"predecessor-version":[{"id":60262,"href":"https:\/\/eldiariodesanpedro.com.ar\/sitio\/wp-json\/wp\/v2\/posts\/60260\/revisions\/60262"}],"wp:featuredmedia":[{"embeddable":true,"href":"https:\/\/eldiariodesanpedro.com.ar\/sitio\/wp-json\/wp\/v2\/media\/60261"}],"wp:attachment":[{"href":"https:\/\/eldiariodesanpedro.com.ar\/sitio\/wp-json\/wp\/v2\/media?parent=60260"}],"wp:term":[{"taxonomy":"category","embeddable":true,"href":"https:\/\/eldiariodesanpedro.com.ar\/sitio\/wp-json\/wp\/v2\/categories?post=60260"},{"taxonomy":"post_tag","embeddable":true,"href":"https:\/\/eldiariodesanpedro.com.ar\/sitio\/wp-json\/wp\/v2\/tags?post=60260"}],"curies":[{"name":"wp","href":"https:\/\/api.w.org\/{rel}","templated":true}]}}