{"id":60257,"date":"2019-09-18T12:14:57","date_gmt":"2019-09-18T15:14:57","guid":{"rendered":"https:\/\/eldiariodesanpedro.com.ar\/sitio\/?p=60257"},"modified":"2019-09-18T12:15:01","modified_gmt":"2019-09-18T15:15:01","slug":"campana-clausuran-un-local-nocturno-por-falta-de-higiene-y-otras-irregularidades","status":"publish","type":"post","link":"https:\/\/eldiariodesanpedro.com.ar\/sitio\/campana-clausuran-un-local-nocturno-por-falta-de-higiene-y-otras-irregularidades\/","title":{"rendered":"CAMPANA | Clausuran un local nocturno por falta de higiene y otras irregularidades"},"content":{"rendered":"<!-- VideographyWP Plugin Message: Automatic video embedding prevented by plugin options. -->\n\n<p> Se trata de Tiziano que fue clausurado preventivamente por falta de higiene, de seguridad y por encontrarse en el lugar alimentos no aptos para el consumo. A esto se suma la denuncia de vecinos por ruidos molestos y hechos de violencia. <\/p>\n\n\n\n<p>\n\nEl Municipio clausur\u00f3 preventivamente el local nocturno Tiziano tras constatarse diversas irregularidades y analiza revocar su habilitaci\u00f3n.<\/p>\n\n\n\n<p>El operativo estuvo a cargo de la Direcci\u00f3n de Habilitaciones, que clausur\u00f3 al lugar \u2013situado en avenida Mitre- por falta de higiene, de seguridad y por encontrar alimentos no aptos para el consumo.<\/p>\n\n\n\n<p>A esto se sumaron distintas denuncias de vecinos por ruidos molestos y reiterados hechos de violencia.<\/p>\n\n\n\n<p>Como consecuencia, personal municipal labr\u00f3 las correspondientes actas de infracciones que fueron puestas a disposici\u00f3n de Juzgado de Faltas para que eval\u00fae la situaci\u00f3n y se realiz\u00f3 la revocaci\u00f3n de la habilitaci\u00f3n y clausura preventiva del lugar. <\/p>\n\n\n\n<p>Fuente: Campana Noticias<\/p>\n","protected":false},"excerpt":{"rendered":"<p>Se trata de Tiziano que fue clausurado preventivamente por falta de higiene, de seguridad y por encontrarse en el lugar alimentos no aptos para el consumo. A esto se suma la denuncia de vecinos por ruidos molestos y hechos de violencia. El Municipio clausur\u00f3 preventivamente el local nocturno Tiziano tras constatarse diversas irregularidades y analiza [&hellip;]<\/p>\n","protected":false},"author":4,"featured_media":60258,"comment_status":"open","ping_status":"closed","sticky":false,"template":"","format":"standard","meta":{"om_disable_all_campaigns":false,"_jetpack_memberships_contains_paid_content":false,"footnotes":""},"categories":[621],"tags":[],"class_list":["post-60257","post","type-post","status-publish","format-standard","has-post-thumbnail","hentry","category-regionales"],"aioseo_notices":[],"gutentor_comment":0,"jetpack_featured_media_url":"https:\/\/eldiariodesanpedro.com.ar\/sitio\/wp-content\/uploads\/2019\/09\/20190917053620.jpg","jetpack_shortlink":"https:\/\/wp.me\/p6RhLt-fFT","jetpack_sharing_enabled":true,"_links":{"self":[{"href":"https:\/\/eldiariodesanpedro.com.ar\/sitio\/wp-json\/wp\/v2\/posts\/60257","targetHints":{"allow":["GET"]}}],"collection":[{"href":"https:\/\/eldiariodesanpedro.com.ar\/sitio\/wp-json\/wp\/v2\/posts"}],"about":[{"href":"https:\/\/eldiariodesanpedro.com.ar\/sitio\/wp-json\/wp\/v2\/types\/post"}],"author":[{"embeddable":true,"href":"https:\/\/eldiariodesanpedro.com.ar\/sitio\/wp-json\/wp\/v2\/users\/4"}],"replies":[{"embeddable":true,"href":"https:\/\/eldiariodesanpedro.com.ar\/sitio\/wp-json\/wp\/v2\/comments?post=60257"}],"version-history":[{"count":1,"href":"https:\/\/eldiariodesanpedro.com.ar\/sitio\/wp-json\/wp\/v2\/posts\/60257\/revisions"}],"predecessor-version":[{"id":60259,"href":"https:\/\/eldiariodesanpedro.com.ar\/sitio\/wp-json\/wp\/v2\/posts\/60257\/revisions\/60259"}],"wp:featuredmedia":[{"embeddable":true,"href":"https:\/\/eldiariodesanpedro.com.ar\/sitio\/wp-json\/wp\/v2\/media\/60258"}],"wp:attachment":[{"href":"https:\/\/eldiariodesanpedro.com.ar\/sitio\/wp-json\/wp\/v2\/media?parent=60257"}],"wp:term":[{"taxonomy":"category","embeddable":true,"href":"https:\/\/eldiariodesanpedro.com.ar\/sitio\/wp-json\/wp\/v2\/categories?post=60257"},{"taxonomy":"post_tag","embeddable":true,"href":"https:\/\/eldiariodesanpedro.com.ar\/sitio\/wp-json\/wp\/v2\/tags?post=60257"}],"curies":[{"name":"wp","href":"https:\/\/api.w.org\/{rel}","templated":true}]}}