{"id":60254,"date":"2019-09-18T12:13:20","date_gmt":"2019-09-18T15:13:20","guid":{"rendered":"https:\/\/eldiariodesanpedro.com.ar\/sitio\/?p=60254"},"modified":"2019-09-18T12:13:24","modified_gmt":"2019-09-18T15:13:24","slug":"baradero-bomberos-llamado-al-911-y-una-broma-de-mal-gusto","status":"publish","type":"post","link":"https:\/\/eldiariodesanpedro.com.ar\/sitio\/baradero-bomberos-llamado-al-911-y-una-broma-de-mal-gusto\/","title":{"rendered":"BARADERO | Bomberos: Llamado al 911 y una broma de mal gusto"},"content":{"rendered":"<!-- VideographyWP Plugin Message: Automatic video embedding prevented by plugin options. -->\n\n<p>El episodio ocurri\u00f3 cerca de las 15 horas de \u00e9ste martes, en donde Bomberos, Policia, SAME y otros servicios asistieron a una vivienda de Mitre al 2500<\/p>\n\n\n\n<p>Seg\u00fan el alerta recibida en el 911, todo indicaba que se trataba de un incendio en una casa de la direcci\u00f3n mencionada con anterioridad donde hab\u00eda una menor atrapada.<\/p>\n\n\n\n<p>Tanto los Bomberos como la Polic\u00eda corroboraron que fue una broma, que por otro lado ocasion\u00f3 alerta y preocupaci\u00f3n en el Barrio.<\/p>\n\n\n\n<p>En otro orden, Bomberos ya hab\u00eda recibido dos llamados por el mismo caso con dos direcciones distintas.<\/p>\n","protected":false},"excerpt":{"rendered":"<p>El episodio ocurri\u00f3 cerca de las 15 horas de \u00e9ste martes, en donde Bomberos, Policia, SAME y otros servicios asistieron a una vivienda de Mitre al 2500 Seg\u00fan el alerta recibida en el 911, todo indicaba que se trataba de un incendio en una casa de la direcci\u00f3n mencionada con anterioridad donde hab\u00eda una menor [&hellip;]<\/p>\n","protected":false},"author":4,"featured_media":60255,"comment_status":"open","ping_status":"closed","sticky":false,"template":"","format":"standard","meta":{"om_disable_all_campaigns":false,"_jetpack_memberships_contains_paid_content":false,"footnotes":""},"categories":[621],"tags":[],"class_list":["post-60254","post","type-post","status-publish","format-standard","has-post-thumbnail","hentry","category-regionales"],"aioseo_notices":[],"gutentor_comment":0,"jetpack_featured_media_url":"https:\/\/eldiariodesanpedro.com.ar\/sitio\/wp-content\/uploads\/2019\/09\/Sin-t\u00edtulo1.jpg","jetpack_shortlink":"https:\/\/wp.me\/p6RhLt-fFQ","jetpack_sharing_enabled":true,"_links":{"self":[{"href":"https:\/\/eldiariodesanpedro.com.ar\/sitio\/wp-json\/wp\/v2\/posts\/60254","targetHints":{"allow":["GET"]}}],"collection":[{"href":"https:\/\/eldiariodesanpedro.com.ar\/sitio\/wp-json\/wp\/v2\/posts"}],"about":[{"href":"https:\/\/eldiariodesanpedro.com.ar\/sitio\/wp-json\/wp\/v2\/types\/post"}],"author":[{"embeddable":true,"href":"https:\/\/eldiariodesanpedro.com.ar\/sitio\/wp-json\/wp\/v2\/users\/4"}],"replies":[{"embeddable":true,"href":"https:\/\/eldiariodesanpedro.com.ar\/sitio\/wp-json\/wp\/v2\/comments?post=60254"}],"version-history":[{"count":1,"href":"https:\/\/eldiariodesanpedro.com.ar\/sitio\/wp-json\/wp\/v2\/posts\/60254\/revisions"}],"predecessor-version":[{"id":60256,"href":"https:\/\/eldiariodesanpedro.com.ar\/sitio\/wp-json\/wp\/v2\/posts\/60254\/revisions\/60256"}],"wp:featuredmedia":[{"embeddable":true,"href":"https:\/\/eldiariodesanpedro.com.ar\/sitio\/wp-json\/wp\/v2\/media\/60255"}],"wp:attachment":[{"href":"https:\/\/eldiariodesanpedro.com.ar\/sitio\/wp-json\/wp\/v2\/media?parent=60254"}],"wp:term":[{"taxonomy":"category","embeddable":true,"href":"https:\/\/eldiariodesanpedro.com.ar\/sitio\/wp-json\/wp\/v2\/categories?post=60254"},{"taxonomy":"post_tag","embeddable":true,"href":"https:\/\/eldiariodesanpedro.com.ar\/sitio\/wp-json\/wp\/v2\/tags?post=60254"}],"curies":[{"name":"wp","href":"https:\/\/api.w.org\/{rel}","templated":true}]}}