{"id":60251,"date":"2019-09-18T12:11:42","date_gmt":"2019-09-18T15:11:42","guid":{"rendered":"https:\/\/eldiariodesanpedro.com.ar\/sitio\/?p=60251"},"modified":"2019-09-18T12:11:46","modified_gmt":"2019-09-18T15:11:46","slug":"campana-varios-focos-de-incendio-mantuvieron-ocupados-a-bomberos-voluntarios","status":"publish","type":"post","link":"https:\/\/eldiariodesanpedro.com.ar\/sitio\/campana-varios-focos-de-incendio-mantuvieron-ocupados-a-bomberos-voluntarios\/","title":{"rendered":"CAMPANA | Varios focos de incendio mantuvieron ocupados a Bomberos Voluntarios"},"content":{"rendered":"<!-- VideographyWP Plugin Message: Automatic video embedding prevented by plugin options. -->\n\n<p> Comenzando alrededor de las 18 horas del d\u00eda de ayer, equipos de bomberos debieron desplegarse a varios puntos de las Rutas 4 y 9 para combatir una serie de incendios de pastizales en la zona.<\/p>\n\n\n\n<p>\n\nUna serie de importantes incendios de pastizales mantuvo ocupado al Cuerpo de Bomberos Voluntarios durante la tarde y noche del d\u00eda de ayer.<\/p>\n\n\n\n<p>El primero de ellos, de gran magnitud, tuvo lugar a la altura del ingreso a la empresa Rhasa, km 66, sobre Ruta 9. All\u00ed estuvieron trabajando desde su inicio, alrededor de las 6 de la tarde, los m\u00f3viles 36 y 44 de bomberos, contando con una dotaci\u00f3n de cuatro hombres a cargo del Sub Ayudante Cristian Padula.<\/p>\n\n\n\n<p>A su vez, debieron desplegarse sobre la Ruta 4 para combatir el fuego que se origin\u00f3 en la zona, a la altura del km 6, dos m\u00f3viles de Defensa Civil Campana, m\u00e1s tres m\u00f3viles de Los Cardales. Se trat\u00f3 de las unidades N\u00b06, 9 y 10. Posteriormente se sum\u00f3 uno m\u00e1s de la Ciudad.\n\n<\/p>\n","protected":false},"excerpt":{"rendered":"<p>Comenzando alrededor de las 18 horas del d\u00eda de ayer, equipos de bomberos debieron desplegarse a varios puntos de las Rutas 4 y 9 para combatir una serie de incendios de pastizales en la zona. Una serie de importantes incendios de pastizales mantuvo ocupado al Cuerpo de Bomberos Voluntarios durante la tarde y noche del [&hellip;]<\/p>\n","protected":false},"author":4,"featured_media":60252,"comment_status":"open","ping_status":"closed","sticky":false,"template":"","format":"standard","meta":{"om_disable_all_campaigns":false,"_jetpack_memberships_contains_paid_content":false,"footnotes":""},"categories":[621],"tags":[],"class_list":["post-60251","post","type-post","status-publish","format-standard","has-post-thumbnail","hentry","category-regionales"],"aioseo_notices":[],"gutentor_comment":0,"jetpack_featured_media_url":"https:\/\/eldiariodesanpedro.com.ar\/sitio\/wp-content\/uploads\/2019\/09\/20190918110149.jpg","jetpack_shortlink":"https:\/\/wp.me\/p6RhLt-fFN","jetpack_sharing_enabled":true,"_links":{"self":[{"href":"https:\/\/eldiariodesanpedro.com.ar\/sitio\/wp-json\/wp\/v2\/posts\/60251","targetHints":{"allow":["GET"]}}],"collection":[{"href":"https:\/\/eldiariodesanpedro.com.ar\/sitio\/wp-json\/wp\/v2\/posts"}],"about":[{"href":"https:\/\/eldiariodesanpedro.com.ar\/sitio\/wp-json\/wp\/v2\/types\/post"}],"author":[{"embeddable":true,"href":"https:\/\/eldiariodesanpedro.com.ar\/sitio\/wp-json\/wp\/v2\/users\/4"}],"replies":[{"embeddable":true,"href":"https:\/\/eldiariodesanpedro.com.ar\/sitio\/wp-json\/wp\/v2\/comments?post=60251"}],"version-history":[{"count":1,"href":"https:\/\/eldiariodesanpedro.com.ar\/sitio\/wp-json\/wp\/v2\/posts\/60251\/revisions"}],"predecessor-version":[{"id":60253,"href":"https:\/\/eldiariodesanpedro.com.ar\/sitio\/wp-json\/wp\/v2\/posts\/60251\/revisions\/60253"}],"wp:featuredmedia":[{"embeddable":true,"href":"https:\/\/eldiariodesanpedro.com.ar\/sitio\/wp-json\/wp\/v2\/media\/60252"}],"wp:attachment":[{"href":"https:\/\/eldiariodesanpedro.com.ar\/sitio\/wp-json\/wp\/v2\/media?parent=60251"}],"wp:term":[{"taxonomy":"category","embeddable":true,"href":"https:\/\/eldiariodesanpedro.com.ar\/sitio\/wp-json\/wp\/v2\/categories?post=60251"},{"taxonomy":"post_tag","embeddable":true,"href":"https:\/\/eldiariodesanpedro.com.ar\/sitio\/wp-json\/wp\/v2\/tags?post=60251"}],"curies":[{"name":"wp","href":"https:\/\/api.w.org\/{rel}","templated":true}]}}