{"id":60248,"date":"2019-09-18T12:09:47","date_gmt":"2019-09-18T15:09:47","guid":{"rendered":"https:\/\/eldiariodesanpedro.com.ar\/sitio\/?p=60248"},"modified":"2019-09-18T12:09:51","modified_gmt":"2019-09-18T15:09:51","slug":"naftas-los-estacioneros-hablan-de-problemas-de-abastecimiento-y-atrasos-en-los-precios","status":"publish","type":"post","link":"https:\/\/eldiariodesanpedro.com.ar\/sitio\/naftas-los-estacioneros-hablan-de-problemas-de-abastecimiento-y-atrasos-en-los-precios\/","title":{"rendered":"Naftas: Los estacioneros hablan de problemas de abastecimiento y atrasos en los precios"},"content":{"rendered":"<!-- VideographyWP Plugin Message: Automatic video embedding prevented by plugin options. -->\n\n<p><strong>Exigen que el Gobierno multe a las empresas que no est\u00e1n entregando combustible.<\/strong><\/p>\n\n\n\n<p>El presidente de la Federaci\u00f3n de Expendedores de Combustibles y Afines (FENAC),&nbsp;<strong>Gabriel Bornoroni<\/strong>, se\u00f1al\u00f3 que \u00abhay un 38%\u00bb, de atraso en los precios de los combustibles y advirti\u00f3 que desde hace cuatro d\u00edas hay desabastecimiento.<\/p>\n\n\n\n<p>En ese sentido, ampli\u00f3: \u00abHoy tenemos una desactualizaci\u00f3n del 38%, seg\u00fan el c\u00e1lculo que hacemos teniendo en cuenta el precio del d\u00f3lar, de los biocombustibles (con los que cortan las naftas y el gasoil) y el valor del crudo. Hoy deber\u00eda aumentar el precio de cartel en un 38%\u00bb.<\/p>\n\n\n\n<p>Recordemos que al anunciar el congelamiento de precios hasta el 12 de noviembre, en el Gobierno estimaban que para esa fecha habr\u00eda un atraso en los precios que se ubicar\u00eda entre \u00abel 20% y el 25%\u00bb, pero la inesperada suba valor internacional del crudo alter\u00f3 la ecuaci\u00f3n original.<\/p>\n\n\n\n<p>Los precios del petr\u00f3leo ca\u00edan ligeramente este martes tras haberse disparado el lunes como consecuencia del ataque contra instalaciones petroleras en Arabia Saudita que hacen temer una escasez de la materia prima y hasta una escalada militar con Ir\u00e1n.<\/p>\n\n\n\n<p>En ese marco, el Gobierno sostiene por ahora el congelamiento de los precios internos y, seg\u00fan adelant\u00f3 el ministro de Transporte,&nbsp;<strong>Guillermo Dietrich<\/strong>, reci\u00e9n el fin de semana habr\u00e1 un panorama m\u00e1s claro para tomar una decisi\u00f3n.<\/p>\n\n\n\n<p>Mientras, la gesti\u00f3n de&nbsp;<strong>Mauricio Macri<\/strong>&nbsp;mantiene la decisi\u00f3n de compensar con $116,10 por barril producido a las empresas productoras (que se quedan con el 88% de ese dinero) y a las provincias due\u00f1as de los yacimientos (que reciben un 12% del subsidio).<\/p>\n\n\n\n<p>Al respecto, Bornoroni consider\u00f3 que hay un desequilibrio entre precios y costos de producci\u00f3n, a la vez que advirti\u00f3 como \u00abdato importante\u00bb lo que est\u00e1 sucediendo en la Argentina respecto de que \u00ablas petroleras no est\u00e1n abasteciendo al mercado\u00bb.<\/p>\n\n\n\n<p>Hay estaciones de servicio sin bandera que no tienen combustible desde hace cuatro d\u00edas. Son miles de estaciones de bandera blanca que est\u00e1n desabastecidas y son las que est\u00e1n en los pueblos, en localidades peque\u00f1as, que le dan combustibles a la ciudadan\u00eda, a las ambulancias, a la polic\u00eda a los bomberos\u00bb, sostuvo&nbsp;el l\u00edder de los estacioneros.<\/p>\n\n\n\n<p>Motivo por el cual, la Federaci\u00f3n de Expendedores present\u00f3 una&nbsp;denuncia ante la secretar\u00eda de Energ\u00eda de la Naci\u00f3n, que conduce&nbsp;<strong>Gustavo Lopetegui<\/strong>, y ahora reclama que \u00abse empiece con las multas por el desabastecimiento para que de una vez por toda aparezca el combustible que tienen y no lo est\u00e1n entregando\u00bb.<\/p>\n\n\n\n<p>Para concluir, Bornoroni razon\u00f3 que despu\u00e9s del 12 de noviembre -cuando vence el congelamiento- deber\u00eda pasar lo que ocurri\u00f3 el a\u00f1o pasado, es decir, comenzar una suba gradual de los precios si es que el Gobierno decide no subsidiar el precio final.<\/p>\n\n\n\n<p><strong>Fuente:&nbsp;<\/strong>Noticias Z\u00e1rate Alerta<\/p>\n","protected":false},"excerpt":{"rendered":"<p>Exigen que el Gobierno multe a las empresas que no est\u00e1n entregando combustible. El presidente de la Federaci\u00f3n de Expendedores de Combustibles y Afines (FENAC),&nbsp;Gabriel Bornoroni, se\u00f1al\u00f3 que \u00abhay un 38%\u00bb, de atraso en los precios de los combustibles y advirti\u00f3 que desde hace cuatro d\u00edas hay desabastecimiento. En ese sentido, ampli\u00f3: \u00abHoy tenemos una [&hellip;]<\/p>\n","protected":false},"author":4,"featured_media":60249,"comment_status":"open","ping_status":"closed","sticky":false,"template":"","format":"standard","meta":{"om_disable_all_campaigns":false,"_jetpack_memberships_contains_paid_content":false,"footnotes":""},"categories":[621],"tags":[],"class_list":["post-60248","post","type-post","status-publish","format-standard","has-post-thumbnail","hentry","category-regionales"],"aioseo_notices":[],"gutentor_comment":0,"jetpack_featured_media_url":"https:\/\/eldiariodesanpedro.com.ar\/sitio\/wp-content\/uploads\/2019\/09\/48630.jpg","jetpack_shortlink":"https:\/\/wp.me\/p6RhLt-fFK","jetpack_sharing_enabled":true,"_links":{"self":[{"href":"https:\/\/eldiariodesanpedro.com.ar\/sitio\/wp-json\/wp\/v2\/posts\/60248","targetHints":{"allow":["GET"]}}],"collection":[{"href":"https:\/\/eldiariodesanpedro.com.ar\/sitio\/wp-json\/wp\/v2\/posts"}],"about":[{"href":"https:\/\/eldiariodesanpedro.com.ar\/sitio\/wp-json\/wp\/v2\/types\/post"}],"author":[{"embeddable":true,"href":"https:\/\/eldiariodesanpedro.com.ar\/sitio\/wp-json\/wp\/v2\/users\/4"}],"replies":[{"embeddable":true,"href":"https:\/\/eldiariodesanpedro.com.ar\/sitio\/wp-json\/wp\/v2\/comments?post=60248"}],"version-history":[{"count":1,"href":"https:\/\/eldiariodesanpedro.com.ar\/sitio\/wp-json\/wp\/v2\/posts\/60248\/revisions"}],"predecessor-version":[{"id":60250,"href":"https:\/\/eldiariodesanpedro.com.ar\/sitio\/wp-json\/wp\/v2\/posts\/60248\/revisions\/60250"}],"wp:featuredmedia":[{"embeddable":true,"href":"https:\/\/eldiariodesanpedro.com.ar\/sitio\/wp-json\/wp\/v2\/media\/60249"}],"wp:attachment":[{"href":"https:\/\/eldiariodesanpedro.com.ar\/sitio\/wp-json\/wp\/v2\/media?parent=60248"}],"wp:term":[{"taxonomy":"category","embeddable":true,"href":"https:\/\/eldiariodesanpedro.com.ar\/sitio\/wp-json\/wp\/v2\/categories?post=60248"},{"taxonomy":"post_tag","embeddable":true,"href":"https:\/\/eldiariodesanpedro.com.ar\/sitio\/wp-json\/wp\/v2\/tags?post=60248"}],"curies":[{"name":"wp","href":"https:\/\/api.w.org\/{rel}","templated":true}]}}