{"id":60245,"date":"2019-09-18T12:07:58","date_gmt":"2019-09-18T15:07:58","guid":{"rendered":"https:\/\/eldiariodesanpedro.com.ar\/sitio\/?p=60245"},"modified":"2019-09-18T12:08:03","modified_gmt":"2019-09-18T15:08:03","slug":"san-nicolas-aprehendidos-por-amenazar-y-agredir-a-sus-madres","status":"publish","type":"post","link":"https:\/\/eldiariodesanpedro.com.ar\/sitio\/san-nicolas-aprehendidos-por-amenazar-y-agredir-a-sus-madres\/","title":{"rendered":"SAN NICOL\u00c1S | Aprehendidos por amenazar y agredir a sus madres"},"content":{"rendered":"<!-- VideographyWP Plugin Message: Automatic video embedding prevented by plugin options. -->\n\n<p>\n\nPersonal policial del Comando Patrullas debi\u00f3 intervenir en un episodio de violencia de g\u00e9nero ocurrido en un domicilio de calle Interior Norte al 400 aproximadamente.<\/p>\n\n\n\n<p>Un joven de 18 a\u00f1os agredi\u00f3 con golpes de pu\u00f1o a su madre, una mujer de 45.<br>La denunciante agrego que su hijo consume drogas y solicit\u00f3 la atenci\u00f3n e intervenci\u00f3n de la justicia.<\/p>\n\n\n\n<p>Por el hecho se labraron actuaciones por Lesiones Leves. Intervino la FIscal\u00eda N\u00ba 1 a cargo de la Dra. Ver\u00f3nica Marcantonio, quien dispuso el traslado del joven al hospital ubicado en Vicente L\u00f3pez. Para su estabilizaci\u00f3n y atenci\u00f3n.<\/p>\n\n\n\n<p>En otro caso un sujeto de 21 a\u00f1os qued\u00f3 aprehendido por amenazas. El hecho ocurri\u00f3 en calle Pi\u00f1ero al 250 aproximadamente, teniendo que intervenir personal del Comando Patrulla.<\/p>\n\n\n\n<p>En el marco de un conflicto familiar, el joven les profiri\u00f3 amenazas a su madre de 49 a\u00f1os y a su hermano. Adem\u00e1s de agredir verbalmente a efectivos policiales.<\/p>\n\n\n\n<p>Actu\u00f3 fiscal\u00eda en turno UFI N\u00b0 1.\n\n<\/p>\n","protected":false},"excerpt":{"rendered":"<p>Personal policial del Comando Patrullas debi\u00f3 intervenir en un episodio de violencia de g\u00e9nero ocurrido en un domicilio de calle Interior Norte al 400 aproximadamente. Un joven de 18 a\u00f1os agredi\u00f3 con golpes de pu\u00f1o a su madre, una mujer de 45.La denunciante agrego que su hijo consume drogas y solicit\u00f3 la atenci\u00f3n e intervenci\u00f3n [&hellip;]<\/p>\n","protected":false},"author":4,"featured_media":60246,"comment_status":"open","ping_status":"closed","sticky":false,"template":"","format":"standard","meta":{"om_disable_all_campaigns":false,"_jetpack_memberships_contains_paid_content":false,"footnotes":""},"categories":[621],"tags":[],"class_list":["post-60245","post","type-post","status-publish","format-standard","has-post-thumbnail","hentry","category-regionales"],"aioseo_notices":[],"gutentor_comment":0,"jetpack_featured_media_url":"https:\/\/eldiariodesanpedro.com.ar\/sitio\/wp-content\/uploads\/2019\/09\/no_p5zx05p6y2y8xtqpatrullero.jpg","jetpack_shortlink":"https:\/\/wp.me\/p6RhLt-fFH","jetpack_sharing_enabled":true,"_links":{"self":[{"href":"https:\/\/eldiariodesanpedro.com.ar\/sitio\/wp-json\/wp\/v2\/posts\/60245","targetHints":{"allow":["GET"]}}],"collection":[{"href":"https:\/\/eldiariodesanpedro.com.ar\/sitio\/wp-json\/wp\/v2\/posts"}],"about":[{"href":"https:\/\/eldiariodesanpedro.com.ar\/sitio\/wp-json\/wp\/v2\/types\/post"}],"author":[{"embeddable":true,"href":"https:\/\/eldiariodesanpedro.com.ar\/sitio\/wp-json\/wp\/v2\/users\/4"}],"replies":[{"embeddable":true,"href":"https:\/\/eldiariodesanpedro.com.ar\/sitio\/wp-json\/wp\/v2\/comments?post=60245"}],"version-history":[{"count":1,"href":"https:\/\/eldiariodesanpedro.com.ar\/sitio\/wp-json\/wp\/v2\/posts\/60245\/revisions"}],"predecessor-version":[{"id":60247,"href":"https:\/\/eldiariodesanpedro.com.ar\/sitio\/wp-json\/wp\/v2\/posts\/60245\/revisions\/60247"}],"wp:featuredmedia":[{"embeddable":true,"href":"https:\/\/eldiariodesanpedro.com.ar\/sitio\/wp-json\/wp\/v2\/media\/60246"}],"wp:attachment":[{"href":"https:\/\/eldiariodesanpedro.com.ar\/sitio\/wp-json\/wp\/v2\/media?parent=60245"}],"wp:term":[{"taxonomy":"category","embeddable":true,"href":"https:\/\/eldiariodesanpedro.com.ar\/sitio\/wp-json\/wp\/v2\/categories?post=60245"},{"taxonomy":"post_tag","embeddable":true,"href":"https:\/\/eldiariodesanpedro.com.ar\/sitio\/wp-json\/wp\/v2\/tags?post=60245"}],"curies":[{"name":"wp","href":"https:\/\/api.w.org\/{rel}","templated":true}]}}