{"id":60242,"date":"2019-09-18T12:06:02","date_gmt":"2019-09-18T15:06:02","guid":{"rendered":"https:\/\/eldiariodesanpedro.com.ar\/sitio\/?p=60242"},"modified":"2019-09-18T12:06:07","modified_gmt":"2019-09-18T15:06:07","slug":"san-nicolas-prefectura-detuvo-a-acusado-de-abuso-sexual-buscado-por-la-justicia-nicolena","status":"publish","type":"post","link":"https:\/\/eldiariodesanpedro.com.ar\/sitio\/san-nicolas-prefectura-detuvo-a-acusado-de-abuso-sexual-buscado-por-la-justicia-nicolena\/","title":{"rendered":"SAN NICOL\u00c1S | Prefectura detuvo a acusado de abuso sexual buscado por la justicia nicole\u00f1a"},"content":{"rendered":"<!-- VideographyWP Plugin Message: Automatic video embedding prevented by plugin options. -->\n\n<p>\n\nEfectivos de la Prefectura Naval Argentina detuvieron, en un allanamiento en la localidad correntina de Esquina, a un hombre involucrado en una causa por abuso sexual, que se habr\u00eda originado en nuestra ciudad. se trata de Roberto Barreto de 48 a\u00f1os.<\/p>\n\n\n\n<p>El operativo fue el resultado de tareas de investigaci\u00f3n realizadas por personal de polic\u00eda judicial de San Nicol\u00e1s, en colaboraci\u00f3n con la Fiscal\u00eda de Instrucci\u00f3n N\u00b010 del Dpto. Judicial de San Nicol\u00e1s, a cargo de la Dra. Sandra Bicetti.<\/p>\n\n\n\n<p>Como resultado de esto, los efectivos lograron detectar el lugar donde se encontraba el hombre: un paraje conocido como Coronel Abraham Schweizer, cercano a la localidad de Pueblo Libertador, donde fue detenido.<\/p>\n\n\n\n<p>Seg\u00fan las primeras investigaciones, el hombre estar\u00eda pr\u00f3fugo de la Justicia desde 2017 y se encuentra a disposici\u00f3n del Juzgado de Garant\u00edas N\u00b02 de San Nicol\u00e1s.<\/p>\n\n\n\n<p>Fuente: ElDebate.com\n\n<\/p>\n","protected":false},"excerpt":{"rendered":"<p>Efectivos de la Prefectura Naval Argentina detuvieron, en un allanamiento en la localidad correntina de Esquina, a un hombre involucrado en una causa por abuso sexual, que se habr\u00eda originado en nuestra ciudad. se trata de Roberto Barreto de 48 a\u00f1os. El operativo fue el resultado de tareas de investigaci\u00f3n realizadas por personal de polic\u00eda [&hellip;]<\/p>\n","protected":false},"author":4,"featured_media":60243,"comment_status":"open","ping_status":"closed","sticky":false,"template":"","format":"standard","meta":{"om_disable_all_campaigns":false,"_jetpack_memberships_contains_paid_content":false,"footnotes":""},"categories":[621],"tags":[],"class_list":["post-60242","post","type-post","status-publish","format-standard","has-post-thumbnail","hentry","category-regionales"],"aioseo_notices":[],"gutentor_comment":0,"jetpack_featured_media_url":"https:\/\/eldiariodesanpedro.com.ar\/sitio\/wp-content\/uploads\/2019\/09\/conmarca22194.jpg","jetpack_shortlink":"https:\/\/wp.me\/p6RhLt-fFE","jetpack_sharing_enabled":true,"_links":{"self":[{"href":"https:\/\/eldiariodesanpedro.com.ar\/sitio\/wp-json\/wp\/v2\/posts\/60242","targetHints":{"allow":["GET"]}}],"collection":[{"href":"https:\/\/eldiariodesanpedro.com.ar\/sitio\/wp-json\/wp\/v2\/posts"}],"about":[{"href":"https:\/\/eldiariodesanpedro.com.ar\/sitio\/wp-json\/wp\/v2\/types\/post"}],"author":[{"embeddable":true,"href":"https:\/\/eldiariodesanpedro.com.ar\/sitio\/wp-json\/wp\/v2\/users\/4"}],"replies":[{"embeddable":true,"href":"https:\/\/eldiariodesanpedro.com.ar\/sitio\/wp-json\/wp\/v2\/comments?post=60242"}],"version-history":[{"count":1,"href":"https:\/\/eldiariodesanpedro.com.ar\/sitio\/wp-json\/wp\/v2\/posts\/60242\/revisions"}],"predecessor-version":[{"id":60244,"href":"https:\/\/eldiariodesanpedro.com.ar\/sitio\/wp-json\/wp\/v2\/posts\/60242\/revisions\/60244"}],"wp:featuredmedia":[{"embeddable":true,"href":"https:\/\/eldiariodesanpedro.com.ar\/sitio\/wp-json\/wp\/v2\/media\/60243"}],"wp:attachment":[{"href":"https:\/\/eldiariodesanpedro.com.ar\/sitio\/wp-json\/wp\/v2\/media?parent=60242"}],"wp:term":[{"taxonomy":"category","embeddable":true,"href":"https:\/\/eldiariodesanpedro.com.ar\/sitio\/wp-json\/wp\/v2\/categories?post=60242"},{"taxonomy":"post_tag","embeddable":true,"href":"https:\/\/eldiariodesanpedro.com.ar\/sitio\/wp-json\/wp\/v2\/tags?post=60242"}],"curies":[{"name":"wp","href":"https:\/\/api.w.org\/{rel}","templated":true}]}}