{"id":60237,"date":"2019-09-18T10:31:31","date_gmt":"2019-09-18T13:31:31","guid":{"rendered":"https:\/\/eldiariodesanpedro.com.ar\/sitio\/?p=60237"},"modified":"2019-09-18T10:34:04","modified_gmt":"2019-09-18T13:34:04","slug":"baradero-accidente-fatal-en-ruta-9-entre-dos-camiones-en-cercanias-al-acceso","status":"publish","type":"post","link":"https:\/\/eldiariodesanpedro.com.ar\/sitio\/baradero-accidente-fatal-en-ruta-9-entre-dos-camiones-en-cercanias-al-acceso\/","title":{"rendered":"BARADERO | Accidente fatal en ruta 9 entre dos camiones en cercan\u00edas al acceso"},"content":{"rendered":"<!-- VideographyWP Plugin Message: Automatic video embedding prevented by plugin options. -->\n\n<p>Este lunes por la noche pasadas las 20 hs se produjo un accidente de tr\u00e1nsito por causas que se tratan de establecer, en Ruta 9 km 143 carril Buenos Aires \u2013 Rosario, se produce una colisi\u00f3n entre un cami\u00f3n marca SCANIA, conducido por un hombre de 25 a\u00f1os de edad y un cami\u00f3n FORD CARGO, dominio GQF-442, conducido por otro hombre de 42 a\u00f1os. <\/p>\n\n\n\n<p>Como consecuencia de la colisi\u00f3n, el chofer del cami\u00f3n FORD CARGO, queda atrapado en la cabina por lo que se hace presente el personal de Bomberos Voluntarios de Baradero, realiza maniobras de rescate del mismo. <\/p>\n\n\n\n<p>Ya liberado es trasladado en ambulancia a Hospital Local. Presenta lesiones de diferentes consideraciones, que ponen en riesgo la vida, siendo intervenido pero pese a ello, se produce deceso del mismo. El fallecido resulta ser oriundo de Florencio Varela. <\/p>\n\n\n\n<p>Fuente: Baradero Te Informa<\/p>\n","protected":false},"excerpt":{"rendered":"<p>Este lunes por la noche pasadas las 20 hs se produjo un accidente de tr\u00e1nsito por causas que se tratan de establecer, en Ruta 9 km 143 carril Buenos Aires \u2013 Rosario, se produce una colisi\u00f3n entre un cami\u00f3n marca SCANIA, conducido por un hombre de 25 a\u00f1os de edad y un cami\u00f3n FORD CARGO, [&hellip;]<\/p>\n","protected":false},"author":4,"featured_media":60238,"comment_status":"open","ping_status":"closed","sticky":false,"template":"","format":"standard","meta":{"om_disable_all_campaigns":false,"_jetpack_memberships_contains_paid_content":false,"footnotes":""},"categories":[621],"tags":[],"class_list":["post-60237","post","type-post","status-publish","format-standard","has-post-thumbnail","hentry","category-regionales"],"aioseo_notices":[],"gutentor_comment":0,"jetpack_featured_media_url":"https:\/\/eldiariodesanpedro.com.ar\/sitio\/wp-content\/uploads\/2019\/09\/70389300_2122993158010450_4937020320696500224_o.jpg","jetpack_shortlink":"https:\/\/wp.me\/p6RhLt-fFz","jetpack_sharing_enabled":true,"_links":{"self":[{"href":"https:\/\/eldiariodesanpedro.com.ar\/sitio\/wp-json\/wp\/v2\/posts\/60237","targetHints":{"allow":["GET"]}}],"collection":[{"href":"https:\/\/eldiariodesanpedro.com.ar\/sitio\/wp-json\/wp\/v2\/posts"}],"about":[{"href":"https:\/\/eldiariodesanpedro.com.ar\/sitio\/wp-json\/wp\/v2\/types\/post"}],"author":[{"embeddable":true,"href":"https:\/\/eldiariodesanpedro.com.ar\/sitio\/wp-json\/wp\/v2\/users\/4"}],"replies":[{"embeddable":true,"href":"https:\/\/eldiariodesanpedro.com.ar\/sitio\/wp-json\/wp\/v2\/comments?post=60237"}],"version-history":[{"count":2,"href":"https:\/\/eldiariodesanpedro.com.ar\/sitio\/wp-json\/wp\/v2\/posts\/60237\/revisions"}],"predecessor-version":[{"id":60241,"href":"https:\/\/eldiariodesanpedro.com.ar\/sitio\/wp-json\/wp\/v2\/posts\/60237\/revisions\/60241"}],"wp:featuredmedia":[{"embeddable":true,"href":"https:\/\/eldiariodesanpedro.com.ar\/sitio\/wp-json\/wp\/v2\/media\/60238"}],"wp:attachment":[{"href":"https:\/\/eldiariodesanpedro.com.ar\/sitio\/wp-json\/wp\/v2\/media?parent=60237"}],"wp:term":[{"taxonomy":"category","embeddable":true,"href":"https:\/\/eldiariodesanpedro.com.ar\/sitio\/wp-json\/wp\/v2\/categories?post=60237"},{"taxonomy":"post_tag","embeddable":true,"href":"https:\/\/eldiariodesanpedro.com.ar\/sitio\/wp-json\/wp\/v2\/tags?post=60237"}],"curies":[{"name":"wp","href":"https:\/\/api.w.org\/{rel}","templated":true}]}}