{"id":60229,"date":"2019-09-18T08:44:01","date_gmt":"2019-09-18T11:44:01","guid":{"rendered":"https:\/\/eldiariodesanpedro.com.ar\/sitio\/?p=60229"},"modified":"2019-09-18T08:44:05","modified_gmt":"2019-09-18T11:44:05","slug":"preparativos-para-la-vi-feria-del-libro-y-del-escritor","status":"publish","type":"post","link":"https:\/\/eldiariodesanpedro.com.ar\/sitio\/preparativos-para-la-vi-feria-del-libro-y-del-escritor\/","title":{"rendered":"Preparativos para la VI Feria del Libro y del Escritor"},"content":{"rendered":"<!-- VideographyWP Plugin Message: Automatic video embedding prevented by plugin options. -->\n\n<p>La Sociedad Italiana est\u00e1\nultimando los detalles para abrir sus puertas a la VI Feria del Libro y del\nEscritor a realizarse los d\u00edas 4, 5 y 6 de octubre pr\u00f3ximos, la que, como es\nhabitual, se realizar\u00e1 en su sede social de la calle Bm\u00e9 Mitre 861.<\/p>\n\n\n\n<p>La entrada ser\u00e1 libre y gratuita\ny el p\u00fablico tendr\u00e1 a su alcance libros cl\u00e1sicos, infantiles, ejemplares de\nautores sampedrinos, libros antiguos y las \u00faltimas novedades literarias de\nautores argentinos y extranjeros en los stands de las librer\u00edas Abelardo,\nBoulevard Libros y PosData. Tambi\u00e9n tendr\u00e1n su stand las editoriales Arenz\n&amp; Antich y De las Tres Lagunas.<\/p>\n\n\n\n<p>Nos acompa\u00f1ar\u00e1n la Biblioteca\nPopular Rafael Obligado, el Museo Hist\u00f3rico Regional y el Museo del Centenario\nde Santa Luc\u00eda.<\/p>\n\n\n\n<p>Presentar\u00e1n sus libros los escritores:\nJavier Dicenzo, Dalmy Butti, Georgina K\u00fcttel y Mariano Rodr\u00edguez; y el s\u00e1bado 5\nnos visitar\u00e1 la laureada escritora Sylvia Iparraguirre, que presentar\u00e1 su\n\u00faltimo libro \u00abLa vida invisible\u00bb. El domingo 6, el escritor y\ndivulgador literario Andr\u00e9s Russo dar\u00e1 una charla sobre Truman Capote y luego se\nproyectar\u00e1 una pel\u00edcula sobre el c\u00e9lebre cuentista y novelista norteamericano.<\/p>\n\n\n\n<p>Se entregar\u00e1n tambi\u00e9n los premios\nde los concursos literarios de Microcuento, Cartas y Poes\u00eda 2019 organizados\npor la Sociedad en homenaje a Piero Penduzzu y la Antolog\u00eda de autores locales.<\/p>\n\n\n\n<p>Habr\u00e1 actuaciones musicales,\nactividades del Taller Literario de la Sociedad Italiana y de SADE Baradero \u2013\nSan Pedro y un homenaje especial a Leonardo Da Vinci en el quinto centenario de\nsu muerte a cargo de la Academia Dante Alighieri.<\/p>\n","protected":false},"excerpt":{"rendered":"<p>La Sociedad Italiana est\u00e1 ultimando los detalles para abrir sus puertas a la VI Feria del Libro y del Escritor a realizarse los d\u00edas 4, 5 y 6 de octubre pr\u00f3ximos, la que, como es habitual, se realizar\u00e1 en su sede social de la calle Bm\u00e9 Mitre 861. La entrada ser\u00e1 libre y gratuita y [&hellip;]<\/p>\n","protected":false},"author":4,"featured_media":60231,"comment_status":"open","ping_status":"closed","sticky":false,"template":"","format":"standard","meta":{"om_disable_all_campaigns":false,"_jetpack_memberships_contains_paid_content":false,"footnotes":""},"categories":[101,2],"tags":[],"class_list":["post-60229","post","type-post","status-publish","format-standard","has-post-thumbnail","hentry","category-interes-general-locales","category-locales"],"aioseo_notices":[],"gutentor_comment":0,"jetpack_featured_media_url":"https:\/\/eldiariodesanpedro.com.ar\/sitio\/wp-content\/uploads\/2019\/09\/feria-internacional-del-libro-_1.jpg_1866758231.jpg","jetpack_shortlink":"https:\/\/wp.me\/p6RhLt-fFr","jetpack_sharing_enabled":true,"_links":{"self":[{"href":"https:\/\/eldiariodesanpedro.com.ar\/sitio\/wp-json\/wp\/v2\/posts\/60229","targetHints":{"allow":["GET"]}}],"collection":[{"href":"https:\/\/eldiariodesanpedro.com.ar\/sitio\/wp-json\/wp\/v2\/posts"}],"about":[{"href":"https:\/\/eldiariodesanpedro.com.ar\/sitio\/wp-json\/wp\/v2\/types\/post"}],"author":[{"embeddable":true,"href":"https:\/\/eldiariodesanpedro.com.ar\/sitio\/wp-json\/wp\/v2\/users\/4"}],"replies":[{"embeddable":true,"href":"https:\/\/eldiariodesanpedro.com.ar\/sitio\/wp-json\/wp\/v2\/comments?post=60229"}],"version-history":[{"count":1,"href":"https:\/\/eldiariodesanpedro.com.ar\/sitio\/wp-json\/wp\/v2\/posts\/60229\/revisions"}],"predecessor-version":[{"id":60232,"href":"https:\/\/eldiariodesanpedro.com.ar\/sitio\/wp-json\/wp\/v2\/posts\/60229\/revisions\/60232"}],"wp:featuredmedia":[{"embeddable":true,"href":"https:\/\/eldiariodesanpedro.com.ar\/sitio\/wp-json\/wp\/v2\/media\/60231"}],"wp:attachment":[{"href":"https:\/\/eldiariodesanpedro.com.ar\/sitio\/wp-json\/wp\/v2\/media?parent=60229"}],"wp:term":[{"taxonomy":"category","embeddable":true,"href":"https:\/\/eldiariodesanpedro.com.ar\/sitio\/wp-json\/wp\/v2\/categories?post=60229"},{"taxonomy":"post_tag","embeddable":true,"href":"https:\/\/eldiariodesanpedro.com.ar\/sitio\/wp-json\/wp\/v2\/tags?post=60229"}],"curies":[{"name":"wp","href":"https:\/\/api.w.org\/{rel}","templated":true}]}}