{"id":60212,"date":"2019-09-17T17:55:15","date_gmt":"2019-09-17T20:55:15","guid":{"rendered":"https:\/\/eldiariodesanpedro.com.ar\/sitio\/?p=60212"},"modified":"2019-09-17T17:55:19","modified_gmt":"2019-09-17T20:55:19","slug":"fiesta-de-la-primavera-y-de-los-estudiantes-en-san-pedro","status":"publish","type":"post","link":"https:\/\/eldiariodesanpedro.com.ar\/sitio\/fiesta-de-la-primavera-y-de-los-estudiantes-en-san-pedro\/","title":{"rendered":"Fiesta de la Primavera y de los Estudiantes en San Pedro"},"content":{"rendered":"<!-- VideographyWP Plugin Message: Automatic video embedding prevented by plugin options. -->\n\n<p> La Municipalidad de San Pedro, a trav\u00e9s de la Direcci\u00f3n de Cultura, invitan a la Fiesta Primavera y de los Estudiantes, el pr\u00f3ximo s\u00e1bado 21 de septiembre a partir de las 16 hs en 9 de Julio y Jos\u00e9 Hern\u00e1ndez.<\/p>\n\n\n\n<p>Bandas en vivo, m\u00fasica, DJ\u00b4s y la actuaci\u00f3n en vivo de Maliv\u00fa, con entrada libre y gratuita.<\/p>\n\n\n\n<p>Los esperamos! <\/p>\n","protected":false},"excerpt":{"rendered":"<p>La Municipalidad de San Pedro, a trav\u00e9s de la Direcci\u00f3n de Cultura, invitan a la Fiesta Primavera y de los Estudiantes, el pr\u00f3ximo s\u00e1bado 21 de septiembre a partir de las 16 hs en 9 de Julio y Jos\u00e9 Hern\u00e1ndez. Bandas en vivo, m\u00fasica, DJ\u00b4s y la actuaci\u00f3n en vivo de Maliv\u00fa, con entrada libre [&hellip;]<\/p>\n","protected":false},"author":4,"featured_media":60213,"comment_status":"open","ping_status":"closed","sticky":false,"template":"","format":"standard","meta":{"om_disable_all_campaigns":false,"_jetpack_memberships_contains_paid_content":false,"footnotes":""},"categories":[101,2],"tags":[],"class_list":["post-60212","post","type-post","status-publish","format-standard","has-post-thumbnail","hentry","category-interes-general-locales","category-locales"],"aioseo_notices":[],"gutentor_comment":0,"jetpack_featured_media_url":"https:\/\/eldiariodesanpedro.com.ar\/sitio\/wp-content\/uploads\/2019\/09\/fiesta-de-la-primavera.jpeg","jetpack_shortlink":"https:\/\/wp.me\/p6RhLt-fFa","jetpack_sharing_enabled":true,"_links":{"self":[{"href":"https:\/\/eldiariodesanpedro.com.ar\/sitio\/wp-json\/wp\/v2\/posts\/60212","targetHints":{"allow":["GET"]}}],"collection":[{"href":"https:\/\/eldiariodesanpedro.com.ar\/sitio\/wp-json\/wp\/v2\/posts"}],"about":[{"href":"https:\/\/eldiariodesanpedro.com.ar\/sitio\/wp-json\/wp\/v2\/types\/post"}],"author":[{"embeddable":true,"href":"https:\/\/eldiariodesanpedro.com.ar\/sitio\/wp-json\/wp\/v2\/users\/4"}],"replies":[{"embeddable":true,"href":"https:\/\/eldiariodesanpedro.com.ar\/sitio\/wp-json\/wp\/v2\/comments?post=60212"}],"version-history":[{"count":1,"href":"https:\/\/eldiariodesanpedro.com.ar\/sitio\/wp-json\/wp\/v2\/posts\/60212\/revisions"}],"predecessor-version":[{"id":60214,"href":"https:\/\/eldiariodesanpedro.com.ar\/sitio\/wp-json\/wp\/v2\/posts\/60212\/revisions\/60214"}],"wp:featuredmedia":[{"embeddable":true,"href":"https:\/\/eldiariodesanpedro.com.ar\/sitio\/wp-json\/wp\/v2\/media\/60213"}],"wp:attachment":[{"href":"https:\/\/eldiariodesanpedro.com.ar\/sitio\/wp-json\/wp\/v2\/media?parent=60212"}],"wp:term":[{"taxonomy":"category","embeddable":true,"href":"https:\/\/eldiariodesanpedro.com.ar\/sitio\/wp-json\/wp\/v2\/categories?post=60212"},{"taxonomy":"post_tag","embeddable":true,"href":"https:\/\/eldiariodesanpedro.com.ar\/sitio\/wp-json\/wp\/v2\/tags?post=60212"}],"curies":[{"name":"wp","href":"https:\/\/api.w.org\/{rel}","templated":true}]}}