{"id":60169,"date":"2019-09-17T10:32:36","date_gmt":"2019-09-17T13:32:36","guid":{"rendered":"https:\/\/eldiariodesanpedro.com.ar\/sitio\/?p=60169"},"modified":"2019-09-17T10:32:40","modified_gmt":"2019-09-17T13:32:40","slug":"campana-mas-de-1-600-vecinos-se-capacitaron-en-rcp-y-primeros-auxilios","status":"publish","type":"post","link":"https:\/\/eldiariodesanpedro.com.ar\/sitio\/campana-mas-de-1-600-vecinos-se-capacitaron-en-rcp-y-primeros-auxilios\/","title":{"rendered":"CAMPANA | M\u00e1s de 1.600 vecinos se capacitaron en RCP y Primeros Auxilios"},"content":{"rendered":"<!-- VideographyWP Plugin Message: Automatic video embedding prevented by plugin options. -->\n\n<p> Fue en el marco de la 4ta. edici\u00f3n de las capacitaciones gratuitas impulsadas por el Municipio junto a Z\u00e1rate Late y Cruz Roja.<\/p>\n\n\n\n<p>\n\nEl Municipio llev\u00f3 adelante la 4ta. edici\u00f3n de las capacitaciones gratuitas de Reanimaci\u00f3n Cardiopulmonar (RCP) que, en esta oportunidad, alcanz\u00f3 a m\u00e1s de 1.600 personas.<\/p>\n\n\n\n<p>A trav\u00e9s de la Secretar\u00eda de Salud del Municipio, junto a Z\u00e1rate Late y Cruz Roja, el curso te\u00f3rico-pr\u00e1ctico estuvo a cargo de Juan Pablo Badalamenti y se dict\u00f3 en 5 turnos -3 el viernes y 2 el s\u00e1bado-.<\/p>\n\n\n\n<p>El intendente Sebasti\u00e1n Abella estuvo presente en el encuentro vespertino de la primera jornada, donde agradeci\u00f3 a las instituciones que acompa\u00f1an esta iniciativa y destac\u00f3 su importancia atenta a que promueve el aprendizaje de conocimientos b\u00e1sicos para enfrentar situaciones de riego y resguardar la vida.<\/p>\n\n\n\n<p>Por su parte, la directora de Salud Comunitaria, Eleonora Penovi, explic\u00f3 que a diferencia de otros a\u00f1os, en esta edici\u00f3n se incorporaron conceptos y herramientas de primeros auxilios y participaron alumnos de los \u00faltimos a\u00f1os de escuelas p\u00fablicas y privadas.<\/p>\n\n\n\n<p>\u00abUna ambulancia tarde siempre entre 7 y 10 minutos en acceder al lugar y los primeros que generalmente asisten a la victima son los pares por lo que es importante que est\u00e9n preparados para responder dentro de la escuela\u00bb, remarc\u00f3.<\/p>\n\n\n\n<p>Penovi tambi\u00e9n celebr\u00f3 el gran inter\u00e9s que demuestra la comunidad ante cada capacitaci\u00f3n como tambi\u00e9n la decisi\u00f3n del Municipio de continuar capacitando \u00abporque tener una poblaci\u00f3n instruida, es tener una poblaci\u00f3n prevenida, que puede actuar\u00bb.<\/p>\n\n\n\n<p>Por ello, agradeci\u00f3 el apoyo y el acompa\u00f1amiento que brindan a\u00f1o tras a\u00f1o Bomberos Voluntarios, Cruz Roja y Z\u00e1rate Late.<\/p>\n\n\n\n<p>Por su parte, Marcos Buet \u2013 en representaci\u00f3n de la Cruz Roja Campana- tambi\u00e9n se mostr\u00f3 contento por el inter\u00e9s que manifiesta la poblaci\u00f3n en cada capacitaci\u00f3n.<\/p>\n\n\n\n<p>Y concluy\u00f3: \u00abHay una concientizaci\u00f3n mayor sobre la importante de saber c\u00f3mo actuar ante una emergencia y eso se revela en la cantidad de personas que a\u00f1o tras a\u00f1os se suma a esta capacitaci\u00f3n que ya alcanz\u00f3 a m\u00e1s de 4.600 como tambi\u00e9n a la dicta Cruz Roja que capacit\u00f3 este a\u00f1o a cerca de 2.000 vecinos\u00bb. <\/p>\n\n\n\n<p>Fuente: Campana Noticias<\/p>\n","protected":false},"excerpt":{"rendered":"<p>Fue en el marco de la 4ta. edici\u00f3n de las capacitaciones gratuitas impulsadas por el Municipio junto a Z\u00e1rate Late y Cruz Roja. El Municipio llev\u00f3 adelante la 4ta. edici\u00f3n de las capacitaciones gratuitas de Reanimaci\u00f3n Cardiopulmonar (RCP) que, en esta oportunidad, alcanz\u00f3 a m\u00e1s de 1.600 personas. A trav\u00e9s de la Secretar\u00eda de Salud [&hellip;]<\/p>\n","protected":false},"author":4,"featured_media":60172,"comment_status":"open","ping_status":"closed","sticky":false,"template":"","format":"standard","meta":{"om_disable_all_campaigns":false,"_jetpack_memberships_contains_paid_content":false,"footnotes":""},"categories":[621],"tags":[],"class_list":["post-60169","post","type-post","status-publish","format-standard","has-post-thumbnail","hentry","category-regionales"],"aioseo_notices":[],"gutentor_comment":0,"jetpack_featured_media_url":"https:\/\/eldiariodesanpedro.com.ar\/sitio\/wp-content\/uploads\/2019\/09\/20190916043304.jpg","jetpack_shortlink":"https:\/\/wp.me\/p6RhLt-fEt","jetpack_sharing_enabled":true,"_links":{"self":[{"href":"https:\/\/eldiariodesanpedro.com.ar\/sitio\/wp-json\/wp\/v2\/posts\/60169","targetHints":{"allow":["GET"]}}],"collection":[{"href":"https:\/\/eldiariodesanpedro.com.ar\/sitio\/wp-json\/wp\/v2\/posts"}],"about":[{"href":"https:\/\/eldiariodesanpedro.com.ar\/sitio\/wp-json\/wp\/v2\/types\/post"}],"author":[{"embeddable":true,"href":"https:\/\/eldiariodesanpedro.com.ar\/sitio\/wp-json\/wp\/v2\/users\/4"}],"replies":[{"embeddable":true,"href":"https:\/\/eldiariodesanpedro.com.ar\/sitio\/wp-json\/wp\/v2\/comments?post=60169"}],"version-history":[{"count":1,"href":"https:\/\/eldiariodesanpedro.com.ar\/sitio\/wp-json\/wp\/v2\/posts\/60169\/revisions"}],"predecessor-version":[{"id":60173,"href":"https:\/\/eldiariodesanpedro.com.ar\/sitio\/wp-json\/wp\/v2\/posts\/60169\/revisions\/60173"}],"wp:featuredmedia":[{"embeddable":true,"href":"https:\/\/eldiariodesanpedro.com.ar\/sitio\/wp-json\/wp\/v2\/media\/60172"}],"wp:attachment":[{"href":"https:\/\/eldiariodesanpedro.com.ar\/sitio\/wp-json\/wp\/v2\/media?parent=60169"}],"wp:term":[{"taxonomy":"category","embeddable":true,"href":"https:\/\/eldiariodesanpedro.com.ar\/sitio\/wp-json\/wp\/v2\/categories?post=60169"},{"taxonomy":"post_tag","embeddable":true,"href":"https:\/\/eldiariodesanpedro.com.ar\/sitio\/wp-json\/wp\/v2\/tags?post=60169"}],"curies":[{"name":"wp","href":"https:\/\/api.w.org\/{rel}","templated":true}]}}