{"id":60166,"date":"2019-09-17T10:29:51","date_gmt":"2019-09-17T13:29:51","guid":{"rendered":"https:\/\/eldiariodesanpedro.com.ar\/sitio\/?p=60166"},"modified":"2019-09-17T10:29:55","modified_gmt":"2019-09-17T13:29:55","slug":"arrecifes-tres-detenidos-en-operativo-antidrogas","status":"publish","type":"post","link":"https:\/\/eldiariodesanpedro.com.ar\/sitio\/arrecifes-tres-detenidos-en-operativo-antidrogas\/","title":{"rendered":"ARRECIFES | Tres detenidos en operativo antidrogas"},"content":{"rendered":"<!-- VideographyWP Plugin Message: Automatic video embedding prevented by plugin options. -->\n\n<p>La Secretar\u00eda de Seguridad P\u00fablica de la Municipalidad de Arrecifes difundi\u00f3 el comunicado oficial de la Polic\u00eda Comunal sobre el operativo antidrogas realizado el \u00faltimo viernes, que termin\u00f3 con tres personas detenidas seg\u00fan hab\u00eda adelantado el Dr. Jos\u00e9 Tenorio, secretario de Seguridad, esa misma ma\u00f1ana en Radio Uno (107.1).<\/p>\n\n\n\n<p>El parte policial indica, textualmente:<br>Con fecha 13 de septiembre de 2019, en horas de la madrugada, personal de Narcotr\u00e1fico Arrecifes, juntamente con personal de la Jefatura Comunal, Sub D.D.I. Arrecifes, Comando de Patrulla Rural Arrecifes, y Polic\u00eda Federal de San Nicol\u00e1s, se procede a realizar allanamientos en las ciudades de Arrecifes, Salto y San Mart\u00edn (conurbano).<br> Que de las tareas investigativas llevadas adelante, se logr\u00f3 reunir pruebas suficientes para solicitar el pedido de allanamiento y detenciones a la Sra. Agente Fiscal Dra. Marcantonio, por ello la Sra. Jueza Dra. Maiztegui del Juzgado de Garant\u00edas 3, de San Nicol\u00e1s, libr\u00f3 las medidas requeridas.<br> Como resultado de los allanamientos se concretaron las detenciones de Leticia Noem\u00ed Sayal, Pablo Deramo quien resulta ser Empleado Municipal y Delegado Sindical, ambos de Arrecifes, y la detenci\u00f3n de Ignacio Pacasassi de la ciudad de Salto, asimismo se secuestr\u00f3 droga, dinero en efectivo, balanza y tel\u00e9fonos celulares.<br> Posteriormente la Delegaci\u00f3n de Drogas San Nicol\u00e1s juntamente con personal de Narcotr\u00e1fico Arrecifes, procediendo al allanamiento en la Unidad Penal N\u00ba 3 de San Nicol\u00e1s para con los internos alojados en la misma MATIAS MI\u00d1O y EZEQUIEL SUAREZ alias Tuny, a quienes se les secuestr\u00f3 dos tel\u00e9fonos celulares.<br> Deramo, Sayal y Pacasassi fueron alojados en San Nicol\u00e1s.<br> Se prosiguen con las investigaciones.<\/p>\n","protected":false},"excerpt":{"rendered":"<p>La Secretar\u00eda de Seguridad P\u00fablica de la Municipalidad de Arrecifes difundi\u00f3 el comunicado oficial de la Polic\u00eda Comunal sobre el operativo antidrogas realizado el \u00faltimo viernes, que termin\u00f3 con tres personas detenidas seg\u00fan hab\u00eda adelantado el Dr. Jos\u00e9 Tenorio, secretario de Seguridad, esa misma ma\u00f1ana en Radio Uno (107.1). El parte policial indica, textualmente:Con fecha [&hellip;]<\/p>\n","protected":false},"author":4,"featured_media":60167,"comment_status":"open","ping_status":"closed","sticky":false,"template":"","format":"standard","meta":{"om_disable_all_campaigns":false,"_jetpack_memberships_contains_paid_content":false,"footnotes":""},"categories":[621],"tags":[],"class_list":["post-60166","post","type-post","status-publish","format-standard","has-post-thumbnail","hentry","category-regionales"],"aioseo_notices":[],"gutentor_comment":0,"jetpack_featured_media_url":"https:\/\/eldiariodesanpedro.com.ar\/sitio\/wp-content\/uploads\/2019\/09\/Operativo-drogas-detenidos-3-752x510.jpg","jetpack_shortlink":"https:\/\/wp.me\/p6RhLt-fEq","jetpack_sharing_enabled":true,"_links":{"self":[{"href":"https:\/\/eldiariodesanpedro.com.ar\/sitio\/wp-json\/wp\/v2\/posts\/60166","targetHints":{"allow":["GET"]}}],"collection":[{"href":"https:\/\/eldiariodesanpedro.com.ar\/sitio\/wp-json\/wp\/v2\/posts"}],"about":[{"href":"https:\/\/eldiariodesanpedro.com.ar\/sitio\/wp-json\/wp\/v2\/types\/post"}],"author":[{"embeddable":true,"href":"https:\/\/eldiariodesanpedro.com.ar\/sitio\/wp-json\/wp\/v2\/users\/4"}],"replies":[{"embeddable":true,"href":"https:\/\/eldiariodesanpedro.com.ar\/sitio\/wp-json\/wp\/v2\/comments?post=60166"}],"version-history":[{"count":1,"href":"https:\/\/eldiariodesanpedro.com.ar\/sitio\/wp-json\/wp\/v2\/posts\/60166\/revisions"}],"predecessor-version":[{"id":60168,"href":"https:\/\/eldiariodesanpedro.com.ar\/sitio\/wp-json\/wp\/v2\/posts\/60166\/revisions\/60168"}],"wp:featuredmedia":[{"embeddable":true,"href":"https:\/\/eldiariodesanpedro.com.ar\/sitio\/wp-json\/wp\/v2\/media\/60167"}],"wp:attachment":[{"href":"https:\/\/eldiariodesanpedro.com.ar\/sitio\/wp-json\/wp\/v2\/media?parent=60166"}],"wp:term":[{"taxonomy":"category","embeddable":true,"href":"https:\/\/eldiariodesanpedro.com.ar\/sitio\/wp-json\/wp\/v2\/categories?post=60166"},{"taxonomy":"post_tag","embeddable":true,"href":"https:\/\/eldiariodesanpedro.com.ar\/sitio\/wp-json\/wp\/v2\/tags?post=60166"}],"curies":[{"name":"wp","href":"https:\/\/api.w.org\/{rel}","templated":true}]}}