{"id":60165,"date":"2019-09-17T10:31:35","date_gmt":"2019-09-17T13:31:35","guid":{"rendered":"https:\/\/eldiariodesanpedro.com.ar\/sitio\/?p=60165"},"modified":"2019-09-17T10:31:36","modified_gmt":"2019-09-17T13:31:36","slug":"se-recuperaron-paneles-de-fibra-cemento-robados-hace-un-dia-atras","status":"publish","type":"post","link":"https:\/\/eldiariodesanpedro.com.ar\/sitio\/se-recuperaron-paneles-de-fibra-cemento-robados-hace-un-dia-atras\/","title":{"rendered":"Se recuperaron paneles de fibra cemento robados hace un d\u00eda atr\u00e1s"},"content":{"rendered":"<!-- VideographyWP Plugin Message: Automatic video embedding prevented by plugin options. -->\n\n<p>Los elementos sustra\u00eddos fueron denunciados este lunes por su propietario de 39 a\u00f1os de edad; tras tareas investigativas y r\u00e1pido accionar policial, fueron recuperados el mismo dia.<\/p>\n\n\n\n<p>El hecho se produjo\u00a0en relaci\u00f3n a una denuncia radicada este lunes, donde en la tarde del mismo d\u00eda se logra hallar fuera de un domicilio de calle 24 de febrero al 900, los cuatro paneles revestidos de fibra cemento que habian sido sustra\u00eddas sin violencia de una vivienda de calle Millan y Socrorro <\/p>\n\n\n\n<p>El morador fue identificado, trasladado a la comisaria donde  intervino la fiscal\u00eda local.<br><\/p>\n\n\n\n<figure class=\"wp-block-image\"><img decoding=\"async\" width=\"774\" height=\"1032\" data-attachment-id=\"60170\" data-permalink=\"https:\/\/eldiariodesanpedro.com.ar\/sitio\/se-recuperaron-paneles-de-fibra-cemento-robados-hace-un-dia-atras\/whatsapp-image-2019-09-17-at-9-47-54-am\/\" data-orig-file=\"https:\/\/eldiariodesanpedro.com.ar\/sitio\/wp-content\/uploads\/2019\/09\/WhatsApp-Image-2019-09-17-at-9.47.54-AM.jpeg\" data-orig-size=\"774,1032\" data-comments-opened=\"1\" data-image-meta=\"{&quot;aperture&quot;:&quot;0&quot;,&quot;credit&quot;:&quot;&quot;,&quot;camera&quot;:&quot;&quot;,&quot;caption&quot;:&quot;&quot;,&quot;created_timestamp&quot;:&quot;0&quot;,&quot;copyright&quot;:&quot;&quot;,&quot;focal_length&quot;:&quot;0&quot;,&quot;iso&quot;:&quot;0&quot;,&quot;shutter_speed&quot;:&quot;0&quot;,&quot;title&quot;:&quot;&quot;,&quot;orientation&quot;:&quot;0&quot;}\" data-image-title=\"WhatsApp-Image-2019-09-17-at-9.47.54-AM\" data-image-description=\"\" data-image-caption=\"\" data-large-file=\"https:\/\/eldiariodesanpedro.com.ar\/sitio\/wp-content\/uploads\/2019\/09\/WhatsApp-Image-2019-09-17-at-9.47.54-AM-768x1024.jpeg\" data-src=\"https:\/\/i2.wp.com\/eldiariodesanpedro.com.ar\/sitio\/wp-content\/uploads\/2019\/09\/WhatsApp-Image-2019-09-17-at-9.47.54-AM.jpeg?fit=660%2C880\" alt=\"\" class=\"wp-image-60170 lazyload\" data-srcset=\"https:\/\/eldiariodesanpedro.com.ar\/sitio\/wp-content\/uploads\/2019\/09\/WhatsApp-Image-2019-09-17-at-9.47.54-AM.jpeg 774w, https:\/\/eldiariodesanpedro.com.ar\/sitio\/wp-content\/uploads\/2019\/09\/WhatsApp-Image-2019-09-17-at-9.47.54-AM-225x300.jpeg 225w, https:\/\/eldiariodesanpedro.com.ar\/sitio\/wp-content\/uploads\/2019\/09\/WhatsApp-Image-2019-09-17-at-9.47.54-AM-768x1024.jpeg 768w\" data-sizes=\"(max-width: 774px) 100vw, 774px\" src=\"data:image\/svg+xml;base64,PHN2ZyB3aWR0aD0iMSIgaGVpZ2h0PSIxIiB4bWxucz0iaHR0cDovL3d3dy53My5vcmcvMjAwMC9zdmciPjwvc3ZnPg==\" style=\"--smush-placeholder-width: 774px; --smush-placeholder-aspect-ratio: 774\/1032;\" \/><\/figure>\n","protected":false},"excerpt":{"rendered":"<p>Los elementos sustra\u00eddos fueron denunciados este lunes por su propietario de 39 a\u00f1os de edad; tras tareas investigativas y r\u00e1pido accionar policial, fueron recuperados el mismo dia. El hecho se produjo\u00a0en relaci\u00f3n a una denuncia radicada este lunes, donde en la tarde del mismo d\u00eda se logra hallar fuera de un domicilio de calle 24 [&hellip;]<\/p>\n","protected":false},"author":4,"featured_media":60170,"comment_status":"open","ping_status":"closed","sticky":false,"template":"","format":"standard","meta":{"om_disable_all_campaigns":false,"_jetpack_memberships_contains_paid_content":false,"footnotes":""},"categories":[2,103],"tags":[],"class_list":["post-60165","post","type-post","status-publish","format-standard","has-post-thumbnail","hentry","category-locales","category-policiales-locales"],"aioseo_notices":[],"gutentor_comment":0,"jetpack_featured_media_url":"https:\/\/eldiariodesanpedro.com.ar\/sitio\/wp-content\/uploads\/2019\/09\/WhatsApp-Image-2019-09-17-at-9.47.54-AM.jpeg","jetpack_shortlink":"https:\/\/wp.me\/p6RhLt-fEp","jetpack_sharing_enabled":true,"_links":{"self":[{"href":"https:\/\/eldiariodesanpedro.com.ar\/sitio\/wp-json\/wp\/v2\/posts\/60165","targetHints":{"allow":["GET"]}}],"collection":[{"href":"https:\/\/eldiariodesanpedro.com.ar\/sitio\/wp-json\/wp\/v2\/posts"}],"about":[{"href":"https:\/\/eldiariodesanpedro.com.ar\/sitio\/wp-json\/wp\/v2\/types\/post"}],"author":[{"embeddable":true,"href":"https:\/\/eldiariodesanpedro.com.ar\/sitio\/wp-json\/wp\/v2\/users\/4"}],"replies":[{"embeddable":true,"href":"https:\/\/eldiariodesanpedro.com.ar\/sitio\/wp-json\/wp\/v2\/comments?post=60165"}],"version-history":[{"count":1,"href":"https:\/\/eldiariodesanpedro.com.ar\/sitio\/wp-json\/wp\/v2\/posts\/60165\/revisions"}],"predecessor-version":[{"id":60171,"href":"https:\/\/eldiariodesanpedro.com.ar\/sitio\/wp-json\/wp\/v2\/posts\/60165\/revisions\/60171"}],"wp:featuredmedia":[{"embeddable":true,"href":"https:\/\/eldiariodesanpedro.com.ar\/sitio\/wp-json\/wp\/v2\/media\/60170"}],"wp:attachment":[{"href":"https:\/\/eldiariodesanpedro.com.ar\/sitio\/wp-json\/wp\/v2\/media?parent=60165"}],"wp:term":[{"taxonomy":"category","embeddable":true,"href":"https:\/\/eldiariodesanpedro.com.ar\/sitio\/wp-json\/wp\/v2\/categories?post=60165"},{"taxonomy":"post_tag","embeddable":true,"href":"https:\/\/eldiariodesanpedro.com.ar\/sitio\/wp-json\/wp\/v2\/tags?post=60165"}],"curies":[{"name":"wp","href":"https:\/\/api.w.org\/{rel}","templated":true}]}}