{"id":60160,"date":"2019-09-17T10:16:08","date_gmt":"2019-09-17T13:16:08","guid":{"rendered":"https:\/\/eldiariodesanpedro.com.ar\/sitio\/?p=60160"},"modified":"2019-09-17T10:16:09","modified_gmt":"2019-09-17T13:16:09","slug":"baradero-preinscripcion-a-las-carreras-universitarias-que-la-unsada-brindara-en-el-centro-universitario-baradero","status":"publish","type":"post","link":"https:\/\/eldiariodesanpedro.com.ar\/sitio\/baradero-preinscripcion-a-las-carreras-universitarias-que-la-unsada-brindara-en-el-centro-universitario-baradero\/","title":{"rendered":"BARADERO | Preinscripci\u00f3n a las carreras universitarias que la UNSAdA brindar\u00e1 en el Centro Universitario Baradero"},"content":{"rendered":"<!-- VideographyWP Plugin Message: Automatic video embedding prevented by plugin options. -->\n\n<p>Ya est\u00e1n abiertas las preinscripciones de las cuatro carreras universitarias que se dictar\u00e1n en el establecimiento educativo de Baradero el pr\u00f3ximo a\u00f1o de manera gratuita.<\/p>\n\n\n\n<p>En esta ocasi\u00f3n, la Universidad Nacional de San Antonio de Areco ofrecer\u00e1 cuatro carreras en Baradero, entre ellas, administraci\u00f3n y gesti\u00f3n; inform\u00e1tica; licenciatura en gesti\u00f3n educativa (para docentes) y gesti\u00f3n ambiental.<\/p>\n\n\n\n<p>Las carreras se cursar\u00e1n en el Centro Universitario Baradero que sigue creciendo ya que los nuevos ingresantes inaugurar\u00e1n y disfrutar\u00e1n de las nuevas instalaciones con las que hoy cuenta el establecimiento, entre ellas, un SUM para 100 personas, un buffet universitario y dos aulas m\u00e1s.<\/p>\n\n\n\n<p>La preinscripci\u00f3n ya se puede realizar en la web&nbsp;<a href=\"http:\/\/www.unsada.edu.ar\/\" target=\"_blank\" rel=\"noreferrer noopener\">www.unsada.edu.ar<\/a><\/p>\n\n\n\n<p>\u00a1Pod\u00e9s estudiar en Baradero! \u00a1Te esperamos!<\/p>\n\n\n\n<p>Fuente: Baradero Te Informa <\/p>\n","protected":false},"excerpt":{"rendered":"<p>Ya est\u00e1n abiertas las preinscripciones de las cuatro carreras universitarias que se dictar\u00e1n en el establecimiento educativo de Baradero el pr\u00f3ximo a\u00f1o de manera gratuita. En esta ocasi\u00f3n, la Universidad Nacional de San Antonio de Areco ofrecer\u00e1 cuatro carreras en Baradero, entre ellas, administraci\u00f3n y gesti\u00f3n; inform\u00e1tica; licenciatura en gesti\u00f3n educativa (para docentes) y gesti\u00f3n [&hellip;]<\/p>\n","protected":false},"author":4,"featured_media":60162,"comment_status":"open","ping_status":"closed","sticky":false,"template":"","format":"standard","meta":{"om_disable_all_campaigns":false,"_jetpack_memberships_contains_paid_content":false,"footnotes":""},"categories":[621],"tags":[],"class_list":["post-60160","post","type-post","status-publish","format-standard","has-post-thumbnail","hentry","category-regionales"],"aioseo_notices":[],"gutentor_comment":0,"jetpack_featured_media_url":"https:\/\/eldiariodesanpedro.com.ar\/sitio\/wp-content\/uploads\/2019\/09\/Centro-Universitario-Baradero-copia.jpg","jetpack_shortlink":"https:\/\/wp.me\/p6RhLt-fEk","jetpack_sharing_enabled":true,"_links":{"self":[{"href":"https:\/\/eldiariodesanpedro.com.ar\/sitio\/wp-json\/wp\/v2\/posts\/60160","targetHints":{"allow":["GET"]}}],"collection":[{"href":"https:\/\/eldiariodesanpedro.com.ar\/sitio\/wp-json\/wp\/v2\/posts"}],"about":[{"href":"https:\/\/eldiariodesanpedro.com.ar\/sitio\/wp-json\/wp\/v2\/types\/post"}],"author":[{"embeddable":true,"href":"https:\/\/eldiariodesanpedro.com.ar\/sitio\/wp-json\/wp\/v2\/users\/4"}],"replies":[{"embeddable":true,"href":"https:\/\/eldiariodesanpedro.com.ar\/sitio\/wp-json\/wp\/v2\/comments?post=60160"}],"version-history":[{"count":1,"href":"https:\/\/eldiariodesanpedro.com.ar\/sitio\/wp-json\/wp\/v2\/posts\/60160\/revisions"}],"predecessor-version":[{"id":60163,"href":"https:\/\/eldiariodesanpedro.com.ar\/sitio\/wp-json\/wp\/v2\/posts\/60160\/revisions\/60163"}],"wp:featuredmedia":[{"embeddable":true,"href":"https:\/\/eldiariodesanpedro.com.ar\/sitio\/wp-json\/wp\/v2\/media\/60162"}],"wp:attachment":[{"href":"https:\/\/eldiariodesanpedro.com.ar\/sitio\/wp-json\/wp\/v2\/media?parent=60160"}],"wp:term":[{"taxonomy":"category","embeddable":true,"href":"https:\/\/eldiariodesanpedro.com.ar\/sitio\/wp-json\/wp\/v2\/categories?post=60160"},{"taxonomy":"post_tag","embeddable":true,"href":"https:\/\/eldiariodesanpedro.com.ar\/sitio\/wp-json\/wp\/v2\/tags?post=60160"}],"curies":[{"name":"wp","href":"https:\/\/api.w.org\/{rel}","templated":true}]}}