{"id":60156,"date":"2019-09-17T10:12:44","date_gmt":"2019-09-17T13:12:44","guid":{"rendered":"https:\/\/eldiariodesanpedro.com.ar\/sitio\/?p=60156"},"modified":"2019-09-17T10:12:49","modified_gmt":"2019-09-17T13:12:49","slug":"ramallo-se-conmemoran-20-anos-de-la-masacre-de-ramallo","status":"publish","type":"post","link":"https:\/\/eldiariodesanpedro.com.ar\/sitio\/ramallo-se-conmemoran-20-anos-de-la-masacre-de-ramallo\/","title":{"rendered":"RAMALLO | Se conmemoran 20 a\u00f1os de la \u00abMasacre de Ramallo\u00bb"},"content":{"rendered":"<!-- VideographyWP Plugin Message: Automatic video embedding prevented by plugin options. -->\n\n<p>Hace dos d\u00e9cadas, tres ladrones entraron en la sucursal del Banco Naci\u00f3n de Villa Ramallo para robar el tesoro, cuando una testigo llam\u00f3 a la polic\u00eda y entonces la instituci\u00f3n crediticia se vio rodeada por centenares de uniformados mientras desde un comit\u00e9 de crisis creado al efecto se iniciaban negociaciones con los maleantes. A esa hora ya hab\u00eda dentro del Naci\u00f3n seis rehenes: el gerente de la sucursal y su esposa, el contador y tres empleados que recuperaron la libertad con el paso del d\u00eda.<\/p>\n\n\n\n<p>Poco despu\u00e9s de las 4 de la ma\u00f1ana del 17 de septiempre y cuando las negociaciones parec\u00edan estancadas, ocurri\u00f3 lo inesperado. El Volkswagen Polo del gerente sali\u00f3 del garaje del banco atropellando un patrullero. En el asiento de adelante iban el gerente Carlos Ch\u00e1ves con un pan de trotyl colgado de su cuello; su esposa, Flora Lacave; y el delincuente Javier Hern\u00e1ndez. En el asiento de atr\u00e1s los delincuentes Mart\u00edn Salda\u00f1a y Carlos Mart\u00ednez, junto al contador Carlos Santill\u00e1n.<\/p>\n\n\n\n<p>En ese escape una lluvia de balas de todo calibre disparadas por los polic\u00edas que rodeaban la zona destruy\u00f3 el auto y se cobr\u00f3 la vida de Ch\u00e1ves, Santill\u00e1n y Javier Hern\u00e1ndez. Horas m\u00e1s tarde, en la comisar\u00eda de Ramallo muri\u00f3 Mart\u00edn Salda\u00f1a en un oscuro hecho. En tanto Mart\u00ednez se mat\u00f3 en un accidente de moto muchos a\u00f1os despu\u00e9s, cuando ya estaba con libertad condicional.<\/p>\n\n\n\n<p>Fuente:  Ramallo Ciudad<\/p>\n","protected":false},"excerpt":{"rendered":"<p>Hace dos d\u00e9cadas, tres ladrones entraron en la sucursal del Banco Naci\u00f3n de Villa Ramallo para robar el tesoro, cuando una testigo llam\u00f3 a la polic\u00eda y entonces la instituci\u00f3n crediticia se vio rodeada por centenares de uniformados mientras desde un comit\u00e9 de crisis creado al efecto se iniciaban negociaciones con los maleantes. A esa [&hellip;]<\/p>\n","protected":false},"author":4,"featured_media":60158,"comment_status":"open","ping_status":"closed","sticky":false,"template":"","format":"standard","meta":{"om_disable_all_campaigns":false,"_jetpack_memberships_contains_paid_content":false,"footnotes":""},"categories":[621],"tags":[],"class_list":["post-60156","post","type-post","status-publish","format-standard","has-post-thumbnail","hentry","category-regionales"],"aioseo_notices":[],"gutentor_comment":0,"jetpack_featured_media_url":"https:\/\/eldiariodesanpedro.com.ar\/sitio\/wp-content\/uploads\/2019\/09\/bbx_1005101117_1_masacre_ramallo_archivo.jpg","jetpack_shortlink":"https:\/\/wp.me\/p6RhLt-fEg","jetpack_sharing_enabled":true,"_links":{"self":[{"href":"https:\/\/eldiariodesanpedro.com.ar\/sitio\/wp-json\/wp\/v2\/posts\/60156","targetHints":{"allow":["GET"]}}],"collection":[{"href":"https:\/\/eldiariodesanpedro.com.ar\/sitio\/wp-json\/wp\/v2\/posts"}],"about":[{"href":"https:\/\/eldiariodesanpedro.com.ar\/sitio\/wp-json\/wp\/v2\/types\/post"}],"author":[{"embeddable":true,"href":"https:\/\/eldiariodesanpedro.com.ar\/sitio\/wp-json\/wp\/v2\/users\/4"}],"replies":[{"embeddable":true,"href":"https:\/\/eldiariodesanpedro.com.ar\/sitio\/wp-json\/wp\/v2\/comments?post=60156"}],"version-history":[{"count":1,"href":"https:\/\/eldiariodesanpedro.com.ar\/sitio\/wp-json\/wp\/v2\/posts\/60156\/revisions"}],"predecessor-version":[{"id":60159,"href":"https:\/\/eldiariodesanpedro.com.ar\/sitio\/wp-json\/wp\/v2\/posts\/60156\/revisions\/60159"}],"wp:featuredmedia":[{"embeddable":true,"href":"https:\/\/eldiariodesanpedro.com.ar\/sitio\/wp-json\/wp\/v2\/media\/60158"}],"wp:attachment":[{"href":"https:\/\/eldiariodesanpedro.com.ar\/sitio\/wp-json\/wp\/v2\/media?parent=60156"}],"wp:term":[{"taxonomy":"category","embeddable":true,"href":"https:\/\/eldiariodesanpedro.com.ar\/sitio\/wp-json\/wp\/v2\/categories?post=60156"},{"taxonomy":"post_tag","embeddable":true,"href":"https:\/\/eldiariodesanpedro.com.ar\/sitio\/wp-json\/wp\/v2\/tags?post=60156"}],"curies":[{"name":"wp","href":"https:\/\/api.w.org\/{rel}","templated":true}]}}