{"id":60153,"date":"2019-09-17T10:09:54","date_gmt":"2019-09-17T13:09:54","guid":{"rendered":"https:\/\/eldiariodesanpedro.com.ar\/sitio\/?p=60153"},"modified":"2019-09-17T10:09:55","modified_gmt":"2019-09-17T13:09:55","slug":"ramallo-poletti-se-reunio-con-pastores-evangelistas-para-canalizar-ayuda-social","status":"publish","type":"post","link":"https:\/\/eldiariodesanpedro.com.ar\/sitio\/ramallo-poletti-se-reunio-con-pastores-evangelistas-para-canalizar-ayuda-social\/","title":{"rendered":"RAMALLO | Poletti se reuni\u00f3 con pastores evangelistas para canalizar ayuda social"},"content":{"rendered":"<!-- VideographyWP Plugin Message: Automatic video embedding prevented by plugin options. -->\n\n<p>El intendente municipal, Mauro Poletti, se reuni\u00f3 en la sala de reuniones con los diferentes pastores evang\u00e9licos del partido de Ramallo.<\/p>\n\n\n\n<p>El encuentro, que se llev\u00f3 a cabo hace unos d\u00edas, sirvi\u00f3 para evaluar la dif\u00edcil situaci\u00f3n socioecon\u00f3mica que viven algunos vecinos y que se agrav\u00f3 tras la \u00faltima devaluaci\u00f3n.<\/p>\n\n\n\n<p>\u201cLa idea es canalizar la ayuda social a trav\u00e9s de ustedes y m\u00e1s all\u00e1 de que recorro la calle diariamente, ustedes tiene un conocimiento m\u00e1s cabal de los sectores m\u00e1s vulnerables y est\u00e1n en contacto permanente con las necesidades de los fieles que van a sus iglesias\u201d, manifest\u00f3 el intendente Poletti tras la reuni\u00f3n.<\/p>\n\n\n\n<p>All\u00ed, el grupo de Pastores coincidieron en que se viven momentos dif\u00edciles y que \u201cagradecen la ayuda del municipio\u201d, adem\u00e1s de solicitar a Poletti seguir manteniendo reuniones para tratar diferentes tem\u00e1ticas que preocupan a la sociedad.<\/p>\n\n\n\n<p>Fuente: Ramallo Ciudad<\/p>\n","protected":false},"excerpt":{"rendered":"<p>El intendente municipal, Mauro Poletti, se reuni\u00f3 en la sala de reuniones con los diferentes pastores evang\u00e9licos del partido de Ramallo. El encuentro, que se llev\u00f3 a cabo hace unos d\u00edas, sirvi\u00f3 para evaluar la dif\u00edcil situaci\u00f3n socioecon\u00f3mica que viven algunos vecinos y que se agrav\u00f3 tras la \u00faltima devaluaci\u00f3n. \u201cLa idea es canalizar la [&hellip;]<\/p>\n","protected":false},"author":4,"featured_media":60154,"comment_status":"open","ping_status":"closed","sticky":false,"template":"","format":"standard","meta":{"om_disable_all_campaigns":false,"_jetpack_memberships_contains_paid_content":false,"footnotes":""},"categories":[621],"tags":[],"class_list":["post-60153","post","type-post","status-publish","format-standard","has-post-thumbnail","hentry","category-regionales"],"aioseo_notices":[],"gutentor_comment":0,"jetpack_featured_media_url":"https:\/\/eldiariodesanpedro.com.ar\/sitio\/wp-content\/uploads\/2019\/09\/bbx_363749344_1_Principal_Evangelista.jpg","jetpack_shortlink":"https:\/\/wp.me\/p6RhLt-fEd","jetpack_sharing_enabled":true,"_links":{"self":[{"href":"https:\/\/eldiariodesanpedro.com.ar\/sitio\/wp-json\/wp\/v2\/posts\/60153","targetHints":{"allow":["GET"]}}],"collection":[{"href":"https:\/\/eldiariodesanpedro.com.ar\/sitio\/wp-json\/wp\/v2\/posts"}],"about":[{"href":"https:\/\/eldiariodesanpedro.com.ar\/sitio\/wp-json\/wp\/v2\/types\/post"}],"author":[{"embeddable":true,"href":"https:\/\/eldiariodesanpedro.com.ar\/sitio\/wp-json\/wp\/v2\/users\/4"}],"replies":[{"embeddable":true,"href":"https:\/\/eldiariodesanpedro.com.ar\/sitio\/wp-json\/wp\/v2\/comments?post=60153"}],"version-history":[{"count":1,"href":"https:\/\/eldiariodesanpedro.com.ar\/sitio\/wp-json\/wp\/v2\/posts\/60153\/revisions"}],"predecessor-version":[{"id":60155,"href":"https:\/\/eldiariodesanpedro.com.ar\/sitio\/wp-json\/wp\/v2\/posts\/60153\/revisions\/60155"}],"wp:featuredmedia":[{"embeddable":true,"href":"https:\/\/eldiariodesanpedro.com.ar\/sitio\/wp-json\/wp\/v2\/media\/60154"}],"wp:attachment":[{"href":"https:\/\/eldiariodesanpedro.com.ar\/sitio\/wp-json\/wp\/v2\/media?parent=60153"}],"wp:term":[{"taxonomy":"category","embeddable":true,"href":"https:\/\/eldiariodesanpedro.com.ar\/sitio\/wp-json\/wp\/v2\/categories?post=60153"},{"taxonomy":"post_tag","embeddable":true,"href":"https:\/\/eldiariodesanpedro.com.ar\/sitio\/wp-json\/wp\/v2\/tags?post=60153"}],"curies":[{"name":"wp","href":"https:\/\/api.w.org\/{rel}","templated":true}]}}